{"id":1089,"date":"2011-05-17T10:00:34","date_gmt":"2011-05-17T09:00:34","guid":{"rendered":"http:\/\/www.auxcinephilesdeleau.com\/?p=1089"},"modified":"2018-12-03T15:57:36","modified_gmt":"2018-12-03T14:57:36","slug":"naissance-de-noanne","status":"publish","type":"post","link":"https:\/\/www.auxcinephilesdeleau.com\/?p=1089","title":{"rendered":"Naissance de Noanne"},"content":{"rendered":"<p><a href=\"https:\/\/www.auxcinephilesdeleau.com\/wp-content\/uploads\/2011\/05\/J+3-19.jpg\"><img decoding=\"async\" loading=\"lazy\" src=\"https:\/\/www.auxcinephilesdeleau.com\/wp-content\/uploads\/2011\/05\/J+3-19-225x300.jpg\" alt=\"\" title=\"J+3 (19)\" width=\"225\" height=\"300\" class=\"aligncenter size-medium wp-image-1094\" srcset=\"https:\/\/www.auxcinephilesdeleau.com\/wp-content\/uploads\/2011\/05\/J+3-19-225x300.jpg 225w, https:\/\/www.auxcinephilesdeleau.com\/wp-content\/uploads\/2011\/05\/J+3-19-768x1024.jpg 768w, https:\/\/www.auxcinephilesdeleau.com\/wp-content\/uploads\/2011\/05\/J+3-19.jpg 1920w\" sizes=\"(max-width: 225px) 100vw, 225px\" \/><\/a><\/p>\n<p>Bonjour tout le monde,<\/p>\n<p>C\u2019est avec un peu de retard que Noanne vous annonce son arriv\u00e9e sur terre, le vendredi 6 mai \u00e0 17h12&#8230; <\/p>\n<p><a href=\"https:\/\/www.auxcinephilesdeleau.com\/wp-content\/uploads\/2011\/05\/2-quelques-heures-avant-1.jpg\"><img decoding=\"async\" loading=\"lazy\" src=\"https:\/\/www.auxcinephilesdeleau.com\/wp-content\/uploads\/2011\/05\/2-quelques-heures-avant-1-300x225.jpg\" alt=\"\" title=\"2 quelques heures avant (1)\" width=\"300\" height=\"225\" class=\"alignleft size-medium wp-image-1091\" srcset=\"https:\/\/www.auxcinephilesdeleau.com\/wp-content\/uploads\/2011\/05\/2-quelques-heures-avant-1-300x225.jpg 300w, https:\/\/www.auxcinephilesdeleau.com\/wp-content\/uploads\/2011\/05\/2-quelques-heures-avant-1-1024x768.jpg 1024w\" sizes=\"(max-width: 300px) 100vw, 300px\" \/><\/a> Une arriv\u00e9e des plus originales, \u00e0 remballer nos id\u00e9aux : nous qui voulions un accouchement naturel, rentrer chez nous au plus vite, nous voil\u00e0 \u00e0 St Brieux jusqu\u2019\u00e0 dimanche pour combattre un p\u2019tit germe qui a tenu \u00e0 accueillir Noanne a l\u2019h\u00f4pital. Un dur moment pour les parents, qui apprennent \u00e0 relativiser en voyant leur fille ne faire qu\u2019une bouch\u00e9e de cette vilaine bact\u00e9rie, rien \u00e0 dire, elle est forte comme son p\u00e8re, belle comme sa m\u00e8re et le caract\u00e8re des deux (\u00e7a promet).<br \/>\nOn a maintenant h\u00e2te de lui faire d\u00e9couvrir la vie, ses futurs amis, et on compte bien sur vous tous pour l\u2019aider \u00e0 \u00e9voluer dans un monde riche de sensation, d\u2019amour et de d\u00e9couverte.<br \/>\nTechniquement elle est n\u00e9e \u00e0 3Kg 825 et 51cm, un beau b\u00e9b\u00e9, le plus beau d\u2019ailleurs, le notre!!!!!<\/p>\n<p>Allez \u00e0 tr\u00e8s bient\u00f4t<br \/>\nYann le papa<br \/>\nPs : faudra quand m\u00eame penser a f\u00eater cette naissance!!!!?!!!!!!<\/p>\n<p><a href=\"https:\/\/www.auxcinephilesdeleau.com\/wp-content\/uploads\/2011\/05\/J-+-quelques-heures.jpg\"><img decoding=\"async\" loading=\"lazy\" src=\"https:\/\/www.auxcinephilesdeleau.com\/wp-content\/uploads\/2011\/05\/J-+-quelques-heures-300x225.jpg\" alt=\"\" title=\"J + quelques heures\" width=\"300\" height=\"225\" class=\"alignright size-medium wp-image-1093\" srcset=\"https:\/\/www.auxcinephilesdeleau.com\/wp-content\/uploads\/2011\/05\/J-+-quelques-heures-300x225.jpg 300w, https:\/\/www.auxcinephilesdeleau.com\/wp-content\/uploads\/2011\/05\/J-+-quelques-heures-1024x768.jpg 1024w\" sizes=\"(max-width: 300px) 100vw, 300px\" \/><\/a> Petit rajout technique de la maman :<br \/>\nNoanne a chopp\u00e9 un germe, une infection materno-pr\u00e9natale, transmis pendant l\u2019accouchement, comme apparemment 3% des cas en France, \u00e7a fait pas mal\u2026 Y-a-t-il eu transmission car j\u2019ai perdu les eaux plus de 24h avant d\u2019accoucher ?? Peut-\u00eatre que oui, peut-\u00eatre que non, on ne saura pas vraiment ce qui s\u2019est pass\u00e9\u2026. Toujours est-il que ce germe a infect\u00e9 notre petite Noanne, si bien que la nuit qui a suivi l\u2019accouchement, elle est mont\u00e9e \u00e0 38,5 de temp\u00e9rature, pour un b\u00e9b\u00e9 de moins de 12h, \u00e7a craint grave\u2026 Du coup, on a \u00e9t\u00e9 envoy\u00e9 d\u2019urgence le lendemain matin \u00e0 Saint Brieuc, pour la mettre sous antibiotique, et la perfuser de sucre car elle avait \u00e9puis\u00e9 son capital \u00e0 cause de la fi\u00e8vre. De plus, elle \u00e9tait trop naze pour t\u00e9ter, on a du souvent la piquer car il \u00e9tait difficile de la perfuser et \u00e7a l\u00e2chait souvent, bref, inutile de vous faire un dessin, les 1eres 24h de la vie de Noanne ont \u00e9t\u00e9 dures, tr\u00e8s dures et un calvaire pour les parents\u2026<br \/>\nAu final tout est rentr\u00e9 dans l\u2019ordre assez vite, les antibiotiques ont bien march\u00e9, l\u2019infection a vite chut\u00e9 (2 jours environ), Noanne a vite repris du poil de la b\u00eate et s\u2019est av\u00e9r\u00e9e \u00eatre une tr\u00e8s bonne \u00ab t\u00eateuse \u00bb, pas besoin de compl\u00e9ment alimentaire, elle s\u2019en sort avec 8 jours d\u2019antibios, et apr\u00e8s on en parle plus, elle est gu\u00e9rie ! Et comme pour un accouchement difficile, finalement on oublie vite ces moments douloureux pour garder l\u2019essentiel : on est nouveaux parents d\u2019une fille magnifique, pleine de vie, qui nous remplie de bonheur,\u2026<\/p>\n<p>Parfois (souvent ?), les choses ne se passent pas comme on le souhaite, on peut le prendre comme une \u00ab belle \u00bb le\u00e7on de vie\u2026 On a commenc\u00e9 notre vie de parent sur les chapeaux de roues, et c\u2019est pas fini ! Par\u00e9s !!<\/p>\n<p><a href=\"https:\/\/www.auxcinephilesdeleau.com\/wp-content\/uploads\/2011\/05\/J-+-3.jpg\"><img decoding=\"async\" loading=\"lazy\" src=\"https:\/\/www.auxcinephilesdeleau.com\/wp-content\/uploads\/2011\/05\/J-+-3-225x300.jpg\" alt=\"\" title=\"J + 3\" width=\"225\" height=\"300\" class=\"aligncenter size-medium wp-image-1095\" srcset=\"https:\/\/www.auxcinephilesdeleau.com\/wp-content\/uploads\/2011\/05\/J-+-3-225x300.jpg 225w, https:\/\/www.auxcinephilesdeleau.com\/wp-content\/uploads\/2011\/05\/J-+-3-768x1024.jpg 768w, https:\/\/www.auxcinephilesdeleau.com\/wp-content\/uploads\/2011\/05\/J-+-3.jpg 1920w\" sizes=\"(max-width: 225px) 100vw, 225px\" \/><\/a><\/p>\n","protected":false},"excerpt":{"rendered":"<p>Bonjour tout le monde, C\u2019est avec un peu de retard que Noanne vous annonce son arriv\u00e9e sur terre, le vendredi 6 mai \u00e0 17h12&#8230; Une arriv\u00e9e des plus originales, \u00e0 remballer nos id\u00e9aux : nous qui voulions un accouchement naturel, &hellip; <a href=\"https:\/\/www.auxcinephilesdeleau.com\/?p=1089\">Continuer la lecture <span class=\"meta-nav\">&rarr;<\/span><\/a><\/p>\n","protected":false},"author":3,"featured_media":0,"comment_status":"open","ping_status":"open","sticky":false,"template":"","format":"standard","meta":{"_mi_skip_tracking":false,"_monsterinsights_sitenote_active":false,"_monsterinsights_sitenote_note":"","_monsterinsights_sitenote_category":0,"footnotes":""},"categories":[9],"tags":[],"_links":{"self":[{"href":"https:\/\/www.auxcinephilesdeleau.com\/index.php?rest_route=\/wp\/v2\/posts\/1089"}],"collection":[{"href":"https:\/\/www.auxcinephilesdeleau.com\/index.php?rest_route=\/wp\/v2\/posts"}],"about":[{"href":"https:\/\/www.auxcinephilesdeleau.com\/index.php?rest_route=\/wp\/v2\/types\/post"}],"author":[{"embeddable":true,"href":"https:\/\/www.auxcinephilesdeleau.com\/index.php?rest_route=\/wp\/v2\/users\/3"}],"replies":[{"embeddable":true,"href":"https:\/\/www.auxcinephilesdeleau.com\/index.php?rest_route=%2Fwp%2Fv2%2Fcomments&post=1089"}],"version-history":[{"count":9,"href":"https:\/\/www.auxcinephilesdeleau.com\/index.php?rest_route=\/wp\/v2\/posts\/1089\/revisions"}],"predecessor-version":[{"id":1103,"href":"https:\/\/www.auxcinephilesdeleau.com\/index.php?rest_route=\/wp\/v2\/posts\/1089\/revisions\/1103"}],"wp:attachment":[{"href":"https:\/\/www.auxcinephilesdeleau.com\/index.php?rest_route=%2Fwp%2Fv2%2Fmedia&parent=1089"}],"wp:term":[{"taxonomy":"category","embeddable":true,"href":"https:\/\/www.auxcinephilesdeleau.com\/index.php?rest_route=%2Fwp%2Fv2%2Fcategories&post=1089"},{"taxonomy":"post_tag","embeddable":true,"href":"https:\/\/www.auxcinephilesdeleau.com\/index.php?rest_route=%2Fwp%2Fv2%2Ftags&post=1089"}],"curies":[{"name":"wp","href":"https:\/\/api.w.org\/{rel}","templated":true}]}}