{"id":1698,"date":"2015-05-27T00:01:27","date_gmt":"2015-05-26T23:01:27","guid":{"rendered":"http:\/\/www.auxcinephilesdeleau.com\/?p=1698"},"modified":"2016-10-24T18:21:22","modified_gmt":"2016-10-24T17:21:22","slug":"les-premieres-photos-du-spectacle-cine-searcus","status":"publish","type":"post","link":"https:\/\/www.auxcinephilesdeleau.com\/?p=1698","title":{"rendered":"Les premi\u00e8res photos du spectacle Cin\u00e9 SearCus !"},"content":{"rendered":"<p style=\"text-align: left;\">Bonjour \u00e0 tous\u00a0!!<\/p>\n<div id=\"attachment_1699\" style=\"width: 650px\" class=\"wp-caption aligncenter\"><a href=\"https:\/\/www.auxcinephilesdeleau.com\/wp-content\/uploads\/2015\/05\/IMG_3223-2.jpg\"><img aria-describedby=\"caption-attachment-1699\" decoding=\"async\" loading=\"lazy\" class=\"wp-image-1699 size-large\" src=\"https:\/\/www.auxcinephilesdeleau.com\/wp-content\/uploads\/2015\/05\/IMG_3223-2-1024x683.jpg\" alt=\"IMG_3223-2\" width=\"640\" height=\"427\" srcset=\"https:\/\/www.auxcinephilesdeleau.com\/wp-content\/uploads\/2015\/05\/IMG_3223-2-1024x683.jpg 1024w, https:\/\/www.auxcinephilesdeleau.com\/wp-content\/uploads\/2015\/05\/IMG_3223-2-300x200.jpg 300w, https:\/\/www.auxcinephilesdeleau.com\/wp-content\/uploads\/2015\/05\/IMG_3223-2-600x400.jpg 600w\" sizes=\"(max-width: 640px) 100vw, 640px\" \/><\/a><p id=\"caption-attachment-1699\" class=\"wp-caption-text\">Cin\u00e9 SearCus au Paluden &#8211; Photo de K\u00e9vin Antoine<\/p><\/div>\n<p style=\"text-align: left;\">C&rsquo;est fait, la tourn\u00e9e Cin\u00e9 SearCus est lanc\u00e9e\u00a0!! On a fait 2 avant premi\u00e8re au festival Les Opisthobranches puis \u00e0 la kermesse de la mer au Paluden et le week-end dernier, notre grande premi\u00e8re \u00e0 Port en f\u00eate, \u00e0 Pontrieux notre port d&rsquo;attache\u00a0! Trop belle f\u00eate, trop belle premi\u00e8re, trop de beaux retours, le public \u00e9tait nombreux et attentifs et nous plut\u00f4t contents, \u00e7a fait plaisir avant de partir!<\/p>\n<div id='gallery-1' class='gallery galleryid-1698 gallery-columns-3 gallery-size-thumbnail'><dl class='gallery-item'>\n\t\t\t<dt class='gallery-icon landscape'>\n\t\t\t\t<a href='https:\/\/www.auxcinephilesdeleau.com\/?attachment_id=1700'><img width=\"150\" height=\"150\" src=\"https:\/\/www.auxcinephilesdeleau.com\/wp-content\/uploads\/2015\/05\/DSC02427-150x150.jpg\" class=\"attachment-thumbnail size-thumbnail\" alt=\"\" decoding=\"async\" aria-describedby=\"gallery-1-1700\" loading=\"lazy\" \/><\/a>\n\t\t\t<\/dt>\n\t\t\t\t<dd class='wp-caption-text gallery-caption' id='gallery-1-1700'>\n\t\t\t\tFilage devant le bateau \n\t\t\t\t<\/dd><\/dl><dl class='gallery-item'>\n\t\t\t<dt class='gallery-icon landscape'>\n\t\t\t\t<a href='https:\/\/www.auxcinephilesdeleau.com\/?attachment_id=1701'><img width=\"150\" height=\"150\" src=\"https:\/\/www.auxcinephilesdeleau.com\/wp-content\/uploads\/2015\/05\/DSC02431-150x150.jpg\" class=\"attachment-thumbnail size-thumbnail\" alt=\"\" decoding=\"async\" loading=\"lazy\" \/><\/a>\n\t\t\t<\/dt><\/dl><dl class='gallery-item'>\n\t\t\t<dt class='gallery-icon landscape'>\n\t\t\t\t<a href='https:\/\/www.auxcinephilesdeleau.com\/?attachment_id=1702'><img width=\"150\" height=\"150\" src=\"https:\/\/www.auxcinephilesdeleau.com\/wp-content\/uploads\/2015\/05\/DSC02459-150x150.jpg\" class=\"attachment-thumbnail size-thumbnail\" alt=\"\" decoding=\"async\" aria-describedby=\"gallery-1-1702\" loading=\"lazy\" \/><\/a>\n\t\t\t<\/dt>\n\t\t\t\t<dd class='wp-caption-text gallery-caption' id='gallery-1-1702'>\n\t\t\t\tinitiation danse \u00e0 Port en f\u00eate\n\t\t\t\t<\/dd><\/dl><br style=\"clear: both\" \/><dl class='gallery-item'>\n\t\t\t<dt class='gallery-icon landscape'>\n\t\t\t\t<a href='https:\/\/www.auxcinephilesdeleau.com\/?attachment_id=1703'><img width=\"150\" height=\"150\" src=\"https:\/\/www.auxcinephilesdeleau.com\/wp-content\/uploads\/2015\/05\/DSC02464-150x150.jpg\" class=\"attachment-thumbnail size-thumbnail\" alt=\"\" decoding=\"async\" aria-describedby=\"gallery-1-1703\" loading=\"lazy\" \/><\/a>\n\t\t\t<\/dt>\n\t\t\t\t<dd class='wp-caption-text gallery-caption' id='gallery-1-1703'>\n\t\t\t\tKar Ha Pistouill&rsquo; \u00e0 Port en f\u00eate\n\t\t\t\t<\/dd><\/dl><dl class='gallery-item'>\n\t\t\t<dt class='gallery-icon landscape'>\n\t\t\t\t<a href='https:\/\/www.auxcinephilesdeleau.com\/?attachment_id=1720'><img width=\"150\" height=\"150\" src=\"https:\/\/www.auxcinephilesdeleau.com\/wp-content\/uploads\/2015\/05\/DSC02503-150x150.jpg\" class=\"attachment-thumbnail size-thumbnail\" alt=\"\" decoding=\"async\" loading=\"lazy\" \/><\/a>\n\t\t\t<\/dt><\/dl><dl class='gallery-item'>\n\t\t\t<dt class='gallery-icon landscape'>\n\t\t\t\t<a href='https:\/\/www.auxcinephilesdeleau.com\/?attachment_id=1706'><img width=\"150\" height=\"150\" src=\"https:\/\/www.auxcinephilesdeleau.com\/wp-content\/uploads\/2015\/05\/vlcsnap-2015-05-26-22h32m33s21-150x150.png\" class=\"attachment-thumbnail size-thumbnail\" alt=\"\" decoding=\"async\" aria-describedby=\"gallery-1-1706\" loading=\"lazy\" \/><\/a>\n\t\t\t<\/dt>\n\t\t\t\t<dd class='wp-caption-text gallery-caption' id='gallery-1-1706'>\n\t\t\t\tPremi\u00e8re de Cin\u00e9 SearCus \u00e0 Port en f\u00eate\n\t\t\t\t<\/dd><\/dl><br style=\"clear: both\" \/><dl class='gallery-item'>\n\t\t\t<dt class='gallery-icon landscape'>\n\t\t\t\t<a href='https:\/\/www.auxcinephilesdeleau.com\/?attachment_id=1707'><img width=\"150\" height=\"150\" src=\"https:\/\/www.auxcinephilesdeleau.com\/wp-content\/uploads\/2015\/05\/IMG_6781-150x150.jpg\" class=\"attachment-thumbnail size-thumbnail\" alt=\"\" decoding=\"async\" loading=\"lazy\" \/><\/a>\n\t\t\t<\/dt><\/dl><dl class='gallery-item'>\n\t\t\t<dt class='gallery-icon landscape'>\n\t\t\t\t<a href='https:\/\/www.auxcinephilesdeleau.com\/?attachment_id=1704'><img width=\"150\" height=\"150\" src=\"https:\/\/www.auxcinephilesdeleau.com\/wp-content\/uploads\/2015\/05\/vlcsnap-2015-05-26-22h24m16s230-150x150.png\" class=\"attachment-thumbnail size-thumbnail\" alt=\"\" decoding=\"async\" loading=\"lazy\" \/><\/a>\n\t\t\t<\/dt><\/dl><dl class='gallery-item'>\n\t\t\t<dt class='gallery-icon landscape'>\n\t\t\t\t<a href='https:\/\/www.auxcinephilesdeleau.com\/?attachment_id=1705'><img width=\"150\" height=\"150\" src=\"https:\/\/www.auxcinephilesdeleau.com\/wp-content\/uploads\/2015\/05\/vlcsnap-2015-05-26-22h29m11s56-150x150.png\" class=\"attachment-thumbnail size-thumbnail\" alt=\"\" decoding=\"async\" loading=\"lazy\" \/><\/a>\n\t\t\t<\/dt><\/dl><br style=\"clear: both\" \/>\n\t\t<\/div>\n\n<p style=\"text-align: left;\">Nous sommes de nouveau en plein pr\u00e9paratifs de d\u00e9part car nous sommes cens\u00e9s quitter Pontrieux mardi prochain (je dis \u00ab\u00a0cens\u00e9s\u00a0\u00bb car on est habitu\u00e9 aux faux d\u00e9parts maintenant, tout peut encore arriver!!). Nous avons une derni\u00e8re date dans le coin samedi \u00e0 Tr\u00e9guier pour la f\u00eate de la Philomenn puis on quitte les C\u00f4tes d&rsquo;Armor pour nous rendre \u00e0 Lannilis pour le festival Alternatiba le 1er week-end de juin.<\/p>\n<div id='gallery-2' class='gallery galleryid-1698 gallery-columns-4 gallery-size-thumbnail'><dl class='gallery-item'>\n\t\t\t<dt class='gallery-icon landscape'>\n\t\t\t\t<a href='https:\/\/www.auxcinephilesdeleau.com\/?attachment_id=1710'><img width=\"150\" height=\"150\" src=\"https:\/\/www.auxcinephilesdeleau.com\/wp-content\/uploads\/2015\/05\/IMG_20150510_183055-150x150.jpg\" class=\"attachment-thumbnail size-thumbnail\" alt=\"\" decoding=\"async\" aria-describedby=\"gallery-2-1710\" loading=\"lazy\" \/><\/a>\n\t\t\t<\/dt>\n\t\t\t\t<dd class='wp-caption-text gallery-caption' id='gallery-2-1710'>\n\t\t\t\tAu festival Les Opisthobranches\n\t\t\t\t<\/dd><\/dl><dl class='gallery-item'>\n\t\t\t<dt class='gallery-icon landscape'>\n\t\t\t\t<a href='https:\/\/www.auxcinephilesdeleau.com\/?attachment_id=1711'><img width=\"150\" height=\"150\" src=\"https:\/\/www.auxcinephilesdeleau.com\/wp-content\/uploads\/2015\/05\/IMG_20150510_181755-150x150.jpg\" class=\"attachment-thumbnail size-thumbnail\" alt=\"\" decoding=\"async\" loading=\"lazy\" \/><\/a>\n\t\t\t<\/dt><\/dl><dl class='gallery-item'>\n\t\t\t<dt class='gallery-icon landscape'>\n\t\t\t\t<a href='https:\/\/www.auxcinephilesdeleau.com\/?attachment_id=1708'><img width=\"150\" height=\"150\" src=\"https:\/\/www.auxcinephilesdeleau.com\/wp-content\/uploads\/2015\/05\/DSC02371-150x150.jpg\" class=\"attachment-thumbnail size-thumbnail\" alt=\"\" decoding=\"async\" loading=\"lazy\" \/><\/a>\n\t\t\t<\/dt><\/dl><dl class='gallery-item'>\n\t\t\t<dt class='gallery-icon landscape'>\n\t\t\t\t<a href='https:\/\/www.auxcinephilesdeleau.com\/?attachment_id=1709'><img width=\"150\" height=\"150\" src=\"https:\/\/www.auxcinephilesdeleau.com\/wp-content\/uploads\/2015\/05\/DSC02372-150x150.jpg\" class=\"attachment-thumbnail size-thumbnail\" alt=\"\" decoding=\"async\" loading=\"lazy\" \/><\/a>\n\t\t\t<\/dt><\/dl><br style=\"clear: both\" \/>\n\t\t<\/div>\n\n<p style=\"text-align: left;\">Voil\u00e0 le programme, le mois de mai est rempli d&rsquo;\u00e9motions de toutes parts, les premi\u00e8res repr\u00e9sentations, les premi\u00e8res soir\u00e9es ensoleill\u00e9es, les premiers d\u00e9parts, les premiers au revoirs, des annonces de grossesse, de naissance, de mariage m\u00eame\u00a0!! Alors \u00e7a recharge le c\u0153ur avant de quitter famille et amis, et forc\u00e9ment \u00e7a le serre aussi&#8230; Enfin\u00a0 malgr\u00e9 tout, on a h\u00e2te de partir et \u00e7a tombe bien car le d\u00e9part semble imminent\u00a0!<\/p>\n<div id='gallery-3' class='gallery galleryid-1698 gallery-columns-3 gallery-size-thumbnail'><dl class='gallery-item'>\n\t\t\t<dt class='gallery-icon landscape'>\n\t\t\t\t<a href='https:\/\/www.auxcinephilesdeleau.com\/?attachment_id=1716'><img width=\"150\" height=\"150\" src=\"https:\/\/www.auxcinephilesdeleau.com\/wp-content\/uploads\/2015\/05\/IMG_20150516_135601-150x150.jpg\" class=\"attachment-thumbnail size-thumbnail\" alt=\"\" decoding=\"async\" aria-describedby=\"gallery-3-1716\" loading=\"lazy\" \/><\/a>\n\t\t\t<\/dt>\n\t\t\t\t<dd class='wp-caption-text gallery-caption' id='gallery-3-1716'>\n\t\t\t\tKermesse de la mer au Paluden\n\t\t\t\t<\/dd><\/dl><dl class='gallery-item'>\n\t\t\t<dt class='gallery-icon landscape'>\n\t\t\t\t<a href='https:\/\/www.auxcinephilesdeleau.com\/?attachment_id=1714'><img width=\"150\" height=\"150\" src=\"https:\/\/www.auxcinephilesdeleau.com\/wp-content\/uploads\/2015\/05\/DSC02387-150x150.jpg\" class=\"attachment-thumbnail size-thumbnail\" alt=\"\" decoding=\"async\" aria-describedby=\"gallery-3-1714\" loading=\"lazy\" \/><\/a>\n\t\t\t<\/dt>\n\t\t\t\t<dd class='wp-caption-text gallery-caption' id='gallery-3-1714'>\n\t\t\t\tAmoureusement biotre au Paluden\n\t\t\t\t<\/dd><\/dl><dl class='gallery-item'>\n\t\t\t<dt class='gallery-icon landscape'>\n\t\t\t\t<a href='https:\/\/www.auxcinephilesdeleau.com\/?attachment_id=1712'><img width=\"150\" height=\"150\" src=\"https:\/\/www.auxcinephilesdeleau.com\/wp-content\/uploads\/2015\/05\/vlcsnap-2015-05-25-22h20m28s249-150x150.png\" class=\"attachment-thumbnail size-thumbnail\" alt=\"\" decoding=\"async\" aria-describedby=\"gallery-3-1712\" loading=\"lazy\" \/><\/a>\n\t\t\t<\/dt>\n\t\t\t\t<dd class='wp-caption-text gallery-caption' id='gallery-3-1712'>\n\t\t\t\tKerloa au Paluden\n\t\t\t\t<\/dd><\/dl><br style=\"clear: both\" \/><dl class='gallery-item'>\n\t\t\t<dt class='gallery-icon landscape'>\n\t\t\t\t<a href='https:\/\/www.auxcinephilesdeleau.com\/?attachment_id=1718'><img width=\"150\" height=\"150\" src=\"https:\/\/www.auxcinephilesdeleau.com\/wp-content\/uploads\/2015\/05\/IMG_20150517_212406-150x150.jpg\" class=\"attachment-thumbnail size-thumbnail\" alt=\"\" decoding=\"async\" loading=\"lazy\" \/><\/a>\n\t\t\t<\/dt><\/dl><dl class='gallery-item'>\n\t\t\t<dt class='gallery-icon landscape'>\n\t\t\t\t<a href='https:\/\/www.auxcinephilesdeleau.com\/?attachment_id=1717'><img width=\"150\" height=\"150\" src=\"https:\/\/www.auxcinephilesdeleau.com\/wp-content\/uploads\/2015\/05\/IMG_20150516_180529-150x150.jpg\" class=\"attachment-thumbnail size-thumbnail\" alt=\"\" decoding=\"async\" loading=\"lazy\" \/><\/a>\n\t\t\t<\/dt><\/dl><dl class='gallery-item'>\n\t\t\t<dt class='gallery-icon portrait'>\n\t\t\t\t<a href='https:\/\/www.auxcinephilesdeleau.com\/?attachment_id=1721'><img width=\"150\" height=\"150\" src=\"https:\/\/www.auxcinephilesdeleau.com\/wp-content\/uploads\/2015\/05\/IMG_3172-2-150x150.jpg\" class=\"attachment-thumbnail size-thumbnail\" alt=\"\" decoding=\"async\" loading=\"lazy\" \/><\/a>\n\t\t\t<\/dt><\/dl><br style=\"clear: both\" \/><dl class='gallery-item'>\n\t\t\t<dt class='gallery-icon landscape'>\n\t\t\t\t<a href='https:\/\/www.auxcinephilesdeleau.com\/?attachment_id=1699'><img width=\"150\" height=\"150\" src=\"https:\/\/www.auxcinephilesdeleau.com\/wp-content\/uploads\/2015\/05\/IMG_3223-2-150x150.jpg\" class=\"attachment-thumbnail size-thumbnail\" alt=\"\" decoding=\"async\" loading=\"lazy\" \/><\/a>\n\t\t\t<\/dt><\/dl><dl class='gallery-item'>\n\t\t\t<dt class='gallery-icon portrait'>\n\t\t\t\t<a href='https:\/\/www.auxcinephilesdeleau.com\/?attachment_id=1715'><img width=\"150\" height=\"150\" src=\"https:\/\/www.auxcinephilesdeleau.com\/wp-content\/uploads\/2015\/05\/IMG_3197-2-150x150.jpg\" class=\"attachment-thumbnail size-thumbnail\" alt=\"\" decoding=\"async\" aria-describedby=\"gallery-3-1715\" loading=\"lazy\" \/><\/a>\n\t\t\t<\/dt>\n\t\t\t\t<dd class='wp-caption-text gallery-caption' id='gallery-3-1715'>\n\t\t\t\tCin\u00e9 SearCus au Paluden\n\t\t\t\t<\/dd><\/dl><dl class='gallery-item'>\n\t\t\t<dt class='gallery-icon portrait'>\n\t\t\t\t<a href='https:\/\/www.auxcinephilesdeleau.com\/?attachment_id=1713'><img width=\"150\" height=\"150\" src=\"https:\/\/www.auxcinephilesdeleau.com\/wp-content\/uploads\/2015\/05\/Ben-au-paluden-150x150.jpg\" class=\"attachment-thumbnail size-thumbnail\" alt=\"\" decoding=\"async\" aria-describedby=\"gallery-3-1713\" loading=\"lazy\" \/><\/a>\n\t\t\t<\/dt>\n\t\t\t\t<dd class='wp-caption-text gallery-caption' id='gallery-3-1713'>\n\t\t\t\tCin\u00e9 SearCus au Paluden\n\t\t\t\t<\/dd><\/dl><br style=\"clear: both\" \/>\n\t\t<\/div>\n\n<p style=\"text-align: left;\">On\u00a0retourne \u00e0 nos pr\u00e9paratifs et \u00e0 bient\u00f4t de nos nouvelles\u00a0!<\/p>\n<p style=\"text-align: left;\">Pauline, pour Cin\u00e9 SearCus<\/p>\n","protected":false},"excerpt":{"rendered":"<p>Bonjour \u00e0 tous\u00a0!! C&rsquo;est fait, la tourn\u00e9e Cin\u00e9 SearCus est lanc\u00e9e\u00a0!! On a fait 2 avant premi\u00e8re au festival Les Opisthobranches puis \u00e0 la kermesse de la mer au Paluden et le week-end dernier, notre grande premi\u00e8re \u00e0 Port en &hellip; <a href=\"https:\/\/www.auxcinephilesdeleau.com\/?p=1698\">Continuer la lecture <span class=\"meta-nav\">&rarr;<\/span><\/a><\/p>\n","protected":false},"author":3,"featured_media":0,"comment_status":"open","ping_status":"open","sticky":false,"template":"","format":"standard","meta":{"_mi_skip_tracking":false,"_monsterinsights_sitenote_active":false,"_monsterinsights_sitenote_note":"","_monsterinsights_sitenote_category":0,"footnotes":""},"categories":[16],"tags":[],"_links":{"self":[{"href":"https:\/\/www.auxcinephilesdeleau.com\/index.php?rest_route=\/wp\/v2\/posts\/1698"}],"collection":[{"href":"https:\/\/www.auxcinephilesdeleau.com\/index.php?rest_route=\/wp\/v2\/posts"}],"about":[{"href":"https:\/\/www.auxcinephilesdeleau.com\/index.php?rest_route=\/wp\/v2\/types\/post"}],"author":[{"embeddable":true,"href":"https:\/\/www.auxcinephilesdeleau.com\/index.php?rest_route=\/wp\/v2\/users\/3"}],"replies":[{"embeddable":true,"href":"https:\/\/www.auxcinephilesdeleau.com\/index.php?rest_route=%2Fwp%2Fv2%2Fcomments&post=1698"}],"version-history":[{"count":4,"href":"https:\/\/www.auxcinephilesdeleau.com\/index.php?rest_route=\/wp\/v2\/posts\/1698\/revisions"}],"predecessor-version":[{"id":1796,"href":"https:\/\/www.auxcinephilesdeleau.com\/index.php?rest_route=\/wp\/v2\/posts\/1698\/revisions\/1796"}],"wp:attachment":[{"href":"https:\/\/www.auxcinephilesdeleau.com\/index.php?rest_route=%2Fwp%2Fv2%2Fmedia&parent=1698"}],"wp:term":[{"taxonomy":"category","embeddable":true,"href":"https:\/\/www.auxcinephilesdeleau.com\/index.php?rest_route=%2Fwp%2Fv2%2Fcategories&post=1698"},{"taxonomy":"post_tag","embeddable":true,"href":"https:\/\/www.auxcinephilesdeleau.com\/index.php?rest_route=%2Fwp%2Fv2%2Ftags&post=1698"}],"curies":[{"name":"wp","href":"https:\/\/api.w.org\/{rel}","templated":true}]}}