{"id":1725,"date":"2015-06-15T23:15:03","date_gmt":"2015-06-15T22:15:03","guid":{"rendered":"http:\/\/www.auxcinephilesdeleau.com\/?p=1725"},"modified":"2015-07-12T21:27:13","modified_gmt":"2015-07-12T20:27:13","slug":"que-le-voyage-commence","status":"publish","type":"post","link":"https:\/\/www.auxcinephilesdeleau.com\/?p=1725","title":{"rendered":"Que le voyage commence !"},"content":{"rendered":"<p>Un tout petit mot pour vous dire qu&rsquo;on a r\u00e9ussi, Dominao a quitt\u00e9 Pontrieux le mardi 2 juin !!<\/p>\n<div id=\"attachment_1726\" style=\"width: 650px\" class=\"wp-caption aligncenter\"><a href=\"https:\/\/www.auxcinephilesdeleau.com\/wp-content\/uploads\/2015\/06\/DSC02535.jpg\"><img aria-describedby=\"caption-attachment-1726\" decoding=\"async\" loading=\"lazy\" class=\"wp-image-1726 size-large\" src=\"https:\/\/www.auxcinephilesdeleau.com\/wp-content\/uploads\/2015\/06\/DSC02535-1024x576.jpg\" alt=\"Sur Dominao au port de Pontrieux avec tous les potes venus nous dire au revoir !\" width=\"640\" height=\"360\" srcset=\"https:\/\/www.auxcinephilesdeleau.com\/wp-content\/uploads\/2015\/06\/DSC02535-1024x576.jpg 1024w, https:\/\/www.auxcinephilesdeleau.com\/wp-content\/uploads\/2015\/06\/DSC02535-300x169.jpg 300w, https:\/\/www.auxcinephilesdeleau.com\/wp-content\/uploads\/2015\/06\/DSC02535-600x338.jpg 600w\" sizes=\"(max-width: 640px) 100vw, 640px\" \/><\/a><p id=\"caption-attachment-1726\" class=\"wp-caption-text\">Sur Dominao au port de Pontrieux avec tous les potes venus nous dire au revoir !<\/p><\/div>\n<p>Apr\u00e8s les au revoir \u00e0 notre port d&rsquo;attache, on a fait une mini escale \u00e0 la Roche Jaune puis nous nous sommes rendus \u00e0 Lannilis pour le festival Alternatiba le 1er week-end de juin.<\/p>\n<p>Vendredi 19 juin, \u00ab\u00a0Cin\u00e9 SearCus\u00a0\u00bb\u00a0joue dans un endroit hyper sympa, magasin de produits locaux et caf\u00e9 associatif, \u00e0 Goasven pr\u00e8s de Brest, voici plus d&rsquo;infos dans le lien ci-dessous :<\/p>\n<p><a href=\"http:\/\/goasven.fr\/post\/121529170115\/vendredi-19-juin-ramene-tes-frip-et-assiste-au\">http:\/\/goasven.fr\/post\/121529170115\/vendredi-19-juin-ramene-tes-frip-et-assiste-au<\/a><\/p>\n<p>Les photos des 1eres navigations et du festival sont rest\u00e9es dans ma cam\u00e9ra, donc il faudra attendre le prochain post pour plus de visuels et de nouvelles&#8230;<\/p>\n<p>Apr\u00e8s Goasven, on part pour Douarnenez o\u00f9 l&rsquo;on a pr\u00e9vu de faire le cin\u00e9-spectacle au Port Rhu le 26 ou 27 juin.<\/p>\n<p>A bient\u00f4t !<\/p>\n","protected":false},"excerpt":{"rendered":"<p>Un tout petit mot pour vous dire qu&rsquo;on a r\u00e9ussi, Dominao a quitt\u00e9 Pontrieux le mardi 2 juin !! Apr\u00e8s les au revoir \u00e0 notre port d&rsquo;attache, on a fait une mini escale \u00e0 la Roche Jaune puis nous nous &hellip; <a href=\"https:\/\/www.auxcinephilesdeleau.com\/?p=1725\">Continuer la lecture <span class=\"meta-nav\">&rarr;<\/span><\/a><\/p>\n","protected":false},"author":3,"featured_media":0,"comment_status":"open","ping_status":"open","sticky":false,"template":"","format":"standard","meta":{"_mi_skip_tracking":false,"_monsterinsights_sitenote_active":false,"_monsterinsights_sitenote_note":"","_monsterinsights_sitenote_category":0,"footnotes":""},"categories":[16],"tags":[],"_links":{"self":[{"href":"https:\/\/www.auxcinephilesdeleau.com\/index.php?rest_route=\/wp\/v2\/posts\/1725"}],"collection":[{"href":"https:\/\/www.auxcinephilesdeleau.com\/index.php?rest_route=\/wp\/v2\/posts"}],"about":[{"href":"https:\/\/www.auxcinephilesdeleau.com\/index.php?rest_route=\/wp\/v2\/types\/post"}],"author":[{"embeddable":true,"href":"https:\/\/www.auxcinephilesdeleau.com\/index.php?rest_route=\/wp\/v2\/users\/3"}],"replies":[{"embeddable":true,"href":"https:\/\/www.auxcinephilesdeleau.com\/index.php?rest_route=%2Fwp%2Fv2%2Fcomments&post=1725"}],"version-history":[{"count":5,"href":"https:\/\/www.auxcinephilesdeleau.com\/index.php?rest_route=\/wp\/v2\/posts\/1725\/revisions"}],"predecessor-version":[{"id":1794,"href":"https:\/\/www.auxcinephilesdeleau.com\/index.php?rest_route=\/wp\/v2\/posts\/1725\/revisions\/1794"}],"wp:attachment":[{"href":"https:\/\/www.auxcinephilesdeleau.com\/index.php?rest_route=%2Fwp%2Fv2%2Fmedia&parent=1725"}],"wp:term":[{"taxonomy":"category","embeddable":true,"href":"https:\/\/www.auxcinephilesdeleau.com\/index.php?rest_route=%2Fwp%2Fv2%2Fcategories&post=1725"},{"taxonomy":"post_tag","embeddable":true,"href":"https:\/\/www.auxcinephilesdeleau.com\/index.php?rest_route=%2Fwp%2Fv2%2Ftags&post=1725"}],"curies":[{"name":"wp","href":"https:\/\/api.w.org\/{rel}","templated":true}]}}