{"id":1740,"date":"2015-07-09T23:21:45","date_gmt":"2015-07-09T22:21:45","guid":{"rendered":"http:\/\/www.auxcinephilesdeleau.com\/?p=1740"},"modified":"2015-07-09T23:21:45","modified_gmt":"2015-07-09T22:21:45","slug":"premieres-escales-bretonnes","status":"publish","type":"post","link":"https:\/\/www.auxcinephilesdeleau.com\/?p=1740","title":{"rendered":"Premi\u00e8res escales bretonnes"},"content":{"rendered":"<p style=\"margin: 0cm; margin-bottom: .0001pt; text-align: justify;\"><span style=\"font-family: 'Georgia','serif'; color: #444444;\">Bonjour \u00e0 tous !<\/span><\/p>\n<p style=\"margin: 0cm; margin-bottom: .0001pt; text-align: justify;\"><span style=\"font-family: 'Georgia','serif'; color: #444444;\">\u00a0<\/span><\/p>\n<p style=\"margin: 0cm; margin-bottom: .0001pt; text-align: justify;\"><span style=\"font-family: 'Georgia','serif'; color: #444444;\">Il m&rsquo;en aura fallu du temps pour vous \u00e9crire ce premier message ! J&rsquo;esp\u00e8re que je ferai mieux au cours du voyage&#8230;<\/span><\/p>\n<p style=\"margin: 0cm; margin-bottom: .0001pt; text-align: justify;\"><span style=\"font-family: 'Georgia','serif'; color: #444444;\">\u00a0<\/span><\/p>\n<p style=\"margin: 0cm; margin-bottom: .0001pt; text-align: justify;\"><span style=\"font-family: 'Georgia','serif'; color: #444444;\">Oui, premier message de Dominao en voyage, youhou ! D\u2019un c\u00f4t\u00e9, on a du mal \u00e0 se sentir vraiment partis car nous ne sommes pas loin de chez nous, on croise encore la famille et les amis, mais d\u2019un autre c\u00f4t\u00e9, on est d\u00e9j\u00e0 en plein dedans\u00a0:<\/span><\/p>\n<p style=\"margin: 0cm; margin-bottom: .0001pt; text-align: justify;\"><span style=\"font-family: 'Georgia','serif'; color: #444444;\">changement de rythme, de quotidien, et aussi, il faut bien l\u2019avouer, plus d\u2019\u00e9cole, de nounou\u2026 donc les enfants dans les pattes tout le temps\u00a0!! C\u2019est tr\u00e8s intense, entre la vie quotidienne et l\u2019organisation des repr\u00e9sentations, ce qui fait que je ne trouve pas de temps pour partager avec vous notre d\u00e9but de p\u00e9riple\u00a0! Je pense qu\u2019on va trouver notre rythme, qu\u2019avec le temps Yann sera aussi moins \u00ab\u00a0accapar\u00e9\u00a0\u00bb par le bateau et le spectacle et que chacun r\u00e9ussira \u00e0 se trouver un peu de temps libre\u00a0! Je vous vois d\u00e9j\u00e0 rire en lisant ces lignes \u00ab\u00a0ils sont en voyage et ils se plaignent de ne pas avoir de temps libre\u00a0!\u00a0\u00bb. C\u2019est en effet tout le paradoxe d\u2019un voyage en voilier en famille\u2026 avec un projet culturel\u00a0!! \u00c7a fait pas un peu trop pour un m\u00eame bateau\u00a0?? On se le demande parfois, on verra par la suite, et en attendant, et bien nous vivons des moments magnifiques, intenses, inoubliables, insolites, \u2026 et \u00e7a fait juste un mois qu\u2019on est partis\u00a0!!<\/span><\/p>\n<p style=\"margin: 0cm; margin-bottom: .0001pt; text-align: justify;\">\n<p style=\"margin: 0cm; margin-bottom: .0001pt; text-align: justify;\"><a href=\"https:\/\/www.auxcinephilesdeleau.com\/wp-content\/uploads\/2015\/07\/DSC02587.jpg\"><img decoding=\"async\" loading=\"lazy\" class=\"alignleft size-medium wp-image-1743\" src=\"https:\/\/www.auxcinephilesdeleau.com\/wp-content\/uploads\/2015\/07\/DSC02587-300x169.jpg\" alt=\"DSC02587\" width=\"300\" height=\"169\" srcset=\"https:\/\/www.auxcinephilesdeleau.com\/wp-content\/uploads\/2015\/07\/DSC02587-300x169.jpg 300w, https:\/\/www.auxcinephilesdeleau.com\/wp-content\/uploads\/2015\/07\/DSC02587.jpg 1024w, https:\/\/www.auxcinephilesdeleau.com\/wp-content\/uploads\/2015\/07\/DSC02587-600x338.jpg 600w\" sizes=\"(max-width: 300px) 100vw, 300px\" \/><\/a><\/p>\n<p style=\"margin: 0cm; margin-bottom: .0001pt; text-align: justify;\">\n<p style=\"margin: 0cm; margin-bottom: .0001pt; text-align: justify;\"><span style=\"font-family: 'Georgia','serif'; color: #444444;\">Comment r\u00e9sumer tout \u00e7a ? Impossible de tout partager, le grand challenge sera pour mois de raconter l&rsquo;essentiel !<\/span><\/p>\n<p style=\"margin: 0cm; margin-bottom: .0001pt; text-align: justify;\"><a href=\"https:\/\/www.auxcinephilesdeleau.com\/wp-content\/uploads\/2015\/07\/DSC02590.jpg\"><img decoding=\"async\" loading=\"lazy\" class=\"alignright size-medium wp-image-1744\" src=\"https:\/\/www.auxcinephilesdeleau.com\/wp-content\/uploads\/2015\/07\/DSC02590-300x169.jpg\" alt=\"DSC02590\" width=\"300\" height=\"169\" srcset=\"https:\/\/www.auxcinephilesdeleau.com\/wp-content\/uploads\/2015\/07\/DSC02590-300x169.jpg 300w, https:\/\/www.auxcinephilesdeleau.com\/wp-content\/uploads\/2015\/07\/DSC02590.jpg 1024w, https:\/\/www.auxcinephilesdeleau.com\/wp-content\/uploads\/2015\/07\/DSC02590-600x338.jpg 600w\" sizes=\"(max-width: 300px) 100vw, 300px\" \/><\/a><\/p>\n<p style=\"margin: 0cm; margin-bottom: .0001pt; text-align: justify;\"><span style=\"font-family: 'Georgia','serif'; color: #444444;\">Alors parlons d\u00e9j\u00e0 de nos diff\u00e9rentes escales, en essayant d\u2019\u00eatre succinct\u00a0!<\/span><\/p>\n<p style=\"margin: 0cm; margin-bottom: .0001pt; text-align: justify;\"><span style=\"font-family: 'Georgia','serif'; color: #444444;\">Nous sommes donc partis de Pontrieux le mardi 2 juin, pour une escale express \u00e0 la Roche Jaune pour dire au revoir \u00e0 Erwan et Jo de Yellow Stone. Nous nous sommes rendus ensuite \u00e0 l\u2019Aber Wrac\u2019h le jeudi 4 apr\u00e8s 16h de nav dont une bonne partie au moteur, pour pouvoir arriver \u00e0 temps pour le festival Alternatiba de Lannilis.<\/span><\/p>\n<p style=\"margin: 0cm; margin-bottom: .0001pt; text-align: justify;\"><span style=\"font-family: 'Georgia','serif'; color: #444444;\">L\u2019ambiance \u00e9tait bonne, on a jou\u00e9 le spectacle en int\u00e9rieur \u00e0 19h avec un public rieur et attentif. On a aussi projet\u00e9 le film du bateau-cin\u00e9ma le dimanche, et pu profiter des nombreuses manifestations du festival. Titouan a fait son bapt\u00eame de poney le dimanche matin avec Noanne, ils \u00e9taient aux anges\u00a0!<\/span><\/p>\n<p style=\"margin: 0cm; margin-bottom: .0001pt; text-align: justify;\"><span style=\"font-family: 'Georgia','serif'; color: #444444;\">\u00a0<\/span><\/p>\n<p style=\"margin: 0cm; margin-bottom: .0001pt; text-align: justify;\"><span style=\"font-family: 'Georgia','serif'; color: #444444;\">On a fait de chouettes rencontres qui nous am\u00e8nent \u00e0 jouer le vendredi 19 juin \u00e0 Goasven \u00e0 Logonas Daoulas dans un caf\u00e9 associatif hyper chaleureux :<\/span><\/p>\n<p style=\"margin: 0cm; margin-bottom: .0001pt; text-align: justify;\"><span style=\"font-family: 'Georgia','serif'; color: #444444;\">\u00a0<\/span><\/p>\n<div id='gallery-1' class='gallery galleryid-1740 gallery-columns-3 gallery-size-medium'><dl class='gallery-item'>\n\t\t\t<dt class='gallery-icon landscape'>\n\t\t\t\t<a href='https:\/\/www.auxcinephilesdeleau.com\/?attachment_id=1745'><img width=\"300\" height=\"169\" src=\"https:\/\/www.auxcinephilesdeleau.com\/wp-content\/uploads\/2015\/07\/DSC02625-300x169.jpg\" class=\"attachment-medium size-medium\" alt=\"\" decoding=\"async\" loading=\"lazy\" srcset=\"https:\/\/www.auxcinephilesdeleau.com\/wp-content\/uploads\/2015\/07\/DSC02625-300x169.jpg 300w, https:\/\/www.auxcinephilesdeleau.com\/wp-content\/uploads\/2015\/07\/DSC02625.jpg 1024w, https:\/\/www.auxcinephilesdeleau.com\/wp-content\/uploads\/2015\/07\/DSC02625-600x338.jpg 600w\" sizes=\"(max-width: 300px) 100vw, 300px\" \/><\/a>\n\t\t\t<\/dt><\/dl><dl class='gallery-item'>\n\t\t\t<dt class='gallery-icon landscape'>\n\t\t\t\t<a href='https:\/\/www.auxcinephilesdeleau.com\/?attachment_id=1746'><img width=\"300\" height=\"169\" src=\"https:\/\/www.auxcinephilesdeleau.com\/wp-content\/uploads\/2015\/07\/DSC02632-300x169.jpg\" class=\"attachment-medium size-medium\" alt=\"\" decoding=\"async\" loading=\"lazy\" srcset=\"https:\/\/www.auxcinephilesdeleau.com\/wp-content\/uploads\/2015\/07\/DSC02632-300x169.jpg 300w, https:\/\/www.auxcinephilesdeleau.com\/wp-content\/uploads\/2015\/07\/DSC02632.jpg 1024w, https:\/\/www.auxcinephilesdeleau.com\/wp-content\/uploads\/2015\/07\/DSC02632-600x338.jpg 600w\" sizes=\"(max-width: 300px) 100vw, 300px\" \/><\/a>\n\t\t\t<\/dt><\/dl><dl class='gallery-item'>\n\t\t\t<dt class='gallery-icon landscape'>\n\t\t\t\t<a href='https:\/\/www.auxcinephilesdeleau.com\/?attachment_id=1747'><img width=\"300\" height=\"169\" src=\"https:\/\/www.auxcinephilesdeleau.com\/wp-content\/uploads\/2015\/07\/DSC02636-300x169.jpg\" class=\"attachment-medium size-medium\" alt=\"\" decoding=\"async\" loading=\"lazy\" srcset=\"https:\/\/www.auxcinephilesdeleau.com\/wp-content\/uploads\/2015\/07\/DSC02636-300x169.jpg 300w, https:\/\/www.auxcinephilesdeleau.com\/wp-content\/uploads\/2015\/07\/DSC02636.jpg 1024w, https:\/\/www.auxcinephilesdeleau.com\/wp-content\/uploads\/2015\/07\/DSC02636-600x338.jpg 600w\" sizes=\"(max-width: 300px) 100vw, 300px\" \/><\/a>\n\t\t\t<\/dt><\/dl><br style=\"clear: both\" \/><dl class='gallery-item'>\n\t\t\t<dt class='gallery-icon landscape'>\n\t\t\t\t<a href='https:\/\/www.auxcinephilesdeleau.com\/?attachment_id=1748'><img width=\"300\" height=\"169\" src=\"https:\/\/www.auxcinephilesdeleau.com\/wp-content\/uploads\/2015\/07\/DSC02638-300x169.jpg\" class=\"attachment-medium size-medium\" alt=\"\" decoding=\"async\" loading=\"lazy\" srcset=\"https:\/\/www.auxcinephilesdeleau.com\/wp-content\/uploads\/2015\/07\/DSC02638-300x169.jpg 300w, https:\/\/www.auxcinephilesdeleau.com\/wp-content\/uploads\/2015\/07\/DSC02638.jpg 1024w, https:\/\/www.auxcinephilesdeleau.com\/wp-content\/uploads\/2015\/07\/DSC02638-600x338.jpg 600w\" sizes=\"(max-width: 300px) 100vw, 300px\" \/><\/a>\n\t\t\t<\/dt><\/dl><dl class='gallery-item'>\n\t\t\t<dt class='gallery-icon landscape'>\n\t\t\t\t<a href='https:\/\/www.auxcinephilesdeleau.com\/?attachment_id=1751'><img width=\"300\" height=\"169\" src=\"https:\/\/www.auxcinephilesdeleau.com\/wp-content\/uploads\/2015\/07\/goasven-300x169.jpg\" class=\"attachment-medium size-medium\" alt=\"\" decoding=\"async\" loading=\"lazy\" srcset=\"https:\/\/www.auxcinephilesdeleau.com\/wp-content\/uploads\/2015\/07\/goasven-300x169.jpg 300w, https:\/\/www.auxcinephilesdeleau.com\/wp-content\/uploads\/2015\/07\/goasven.jpg 1024w, https:\/\/www.auxcinephilesdeleau.com\/wp-content\/uploads\/2015\/07\/goasven-600x338.jpg 600w\" sizes=\"(max-width: 300px) 100vw, 300px\" \/><\/a>\n\t\t\t<\/dt><\/dl>\n\t\t\t<br style='clear: both' \/>\n\t\t<\/div>\n\n<p style=\"margin: 0cm; margin-bottom: .0001pt; text-align: justify;\"><span style=\"font-family: 'Georgia','serif'; color: #444444;\"><a href=\"https:\/\/www.auxcinephilesdeleau.com\/wp-content\/uploads\/2015\/07\/DSC02661.jpg\"><img decoding=\"async\" loading=\"lazy\" class=\"alignleft size-medium wp-image-1749\" src=\"https:\/\/www.auxcinephilesdeleau.com\/wp-content\/uploads\/2015\/07\/DSC02661-300x169.jpg\" alt=\"DSC02661\" width=\"300\" height=\"169\" srcset=\"https:\/\/www.auxcinephilesdeleau.com\/wp-content\/uploads\/2015\/07\/DSC02661-300x169.jpg 300w, https:\/\/www.auxcinephilesdeleau.com\/wp-content\/uploads\/2015\/07\/DSC02661.jpg 1024w, https:\/\/www.auxcinephilesdeleau.com\/wp-content\/uploads\/2015\/07\/DSC02661-600x338.jpg 600w\" sizes=\"(max-width: 300px) 100vw, 300px\" \/><\/a><a href=\"https:\/\/www.auxcinephilesdeleau.com\/wp-content\/uploads\/2015\/07\/nav-kerlano-auberlach.jpg\"><img decoding=\"async\" loading=\"lazy\" class=\"alignright size-medium wp-image-1752\" src=\"https:\/\/www.auxcinephilesdeleau.com\/wp-content\/uploads\/2015\/07\/nav-kerlano-auberlach-300x126.jpg\" alt=\"nav kerlano-auberlach\" width=\"300\" height=\"126\" srcset=\"https:\/\/www.auxcinephilesdeleau.com\/wp-content\/uploads\/2015\/07\/nav-kerlano-auberlach-300x126.jpg 300w, https:\/\/www.auxcinephilesdeleau.com\/wp-content\/uploads\/2015\/07\/nav-kerlano-auberlach-1024x431.jpg 1024w, https:\/\/www.auxcinephilesdeleau.com\/wp-content\/uploads\/2015\/07\/nav-kerlano-auberlach-600x253.jpg 600w\" sizes=\"(max-width: 300px) 100vw, 300px\" \/><\/a>Nous avons de nouveau un superbe accueil et on nous invite \u00e0 nous rendre au port de l\u2019Auberlac\u2019h pour la f\u00eate de la musique devant le bar \u00ab\u00a0le tapecul\u00a0\u00bb. On quitte notre mouillage pr\u00e8s de Kerlano pr\u00e9cipitamment pour une navigation de quelques heures sous un temps magnifique.<\/span><\/p>\n<p style=\"margin: 0cm; margin-bottom: .0001pt; text-align: justify;\"><span style=\"font-family: 'Georgia','serif'; color: #444444;\">\u00a0<\/span><\/p>\n<p style=\"margin: 0cm; margin-bottom: .0001pt; text-align: justify;\"><span style=\"font-family: 'Georgia','serif'; color: #444444;\">On essaie une nouvelle formule\u00a0: jouer le spectacle en d\u00e9but de soir\u00e9e (pour que le public soit plus nombreux qu\u2019\u00e0 22h30 un dimanche soir) pour reprendre la projection \u00e0 la nuit tomb\u00e9e. \u00c7a nous a coup\u00e9 un peu la dynamique du spectacle, et c\u2019\u00e9tait un peu dur de jouer devant un bar o\u00f9 l\u2019attention n\u2019\u00e9tait pas toujours au beau fixe mais les nouvelles exp\u00e9riences sont toujours bonnes \u00e0 prendre et de plus, le chapeau \u00e9tait bon\u00a0! <\/span><\/p>\n<p style=\"margin: 0cm; margin-bottom: .0001pt; text-align: justify;\"><a href=\"https:\/\/www.auxcinephilesdeleau.com\/wp-content\/uploads\/2015\/07\/tapecul.jpg\"><img decoding=\"async\" loading=\"lazy\" class=\"aligncenter size-full wp-image-1753\" src=\"https:\/\/www.auxcinephilesdeleau.com\/wp-content\/uploads\/2015\/07\/tapecul.jpg\" alt=\"tapecul\" width=\"899\" height=\"426\" srcset=\"https:\/\/www.auxcinephilesdeleau.com\/wp-content\/uploads\/2015\/07\/tapecul.jpg 899w, https:\/\/www.auxcinephilesdeleau.com\/wp-content\/uploads\/2015\/07\/tapecul-300x142.jpg 300w, https:\/\/www.auxcinephilesdeleau.com\/wp-content\/uploads\/2015\/07\/tapecul-600x284.jpg 600w\" sizes=\"(max-width: 899px) 100vw, 899px\" \/><\/a><\/p>\n<p style=\"margin: 0cm; margin-bottom: .0001pt; text-align: justify;\"><span style=\"font-family: 'Georgia','serif'; color: #444444;\">Nous ne pouvons regretter cette escale atypique car nous avons rencontr\u00e9 ce soir l\u00e0 une famille en bateau, Yann et Albane sur Lord Jim, qui ont deux filles, Lizig et Elena. Lizig et Noanne ont le m\u00eame \u00e2ge et s\u2019entendent imm\u00e9diatement \u00e0 merveille ce qui nous pousse \u00e0 les suivre jusqu\u2019\u00e0 Camaret, escale improvis\u00e9e. Nous avons beaucoup d\u2019amis en commun, notamment des gens que nous avons rencontr\u00e9s en Casamance. En un rien de temps, les souvenirs de voyage remontent \u00e0 nous, et on se sent redevenir nomade avec le go\u00fbt des rencontres et du voyage (et la petite touche \u00e9tait qu\u2019on a pass\u00e9 la soir\u00e9e \u00e0 couple de Pen Duick 1\u00a0!)\u2026<\/span><\/p>\n<p style=\"margin: 0cm; margin-bottom: .0001pt; text-align: justify;\"><span style=\"font-family: 'Georgia','serif'; color: #444444;\">On passera quelques jours ensemble, Lizig devient la premi\u00e8re grande copine de voyage de Noanne, elles jouent ensemble au bateau, sur le quai, \u00e0 la plage, font du paddle avec Yann\u2026<\/span><\/p>\n<div id='gallery-2' class='gallery galleryid-1740 gallery-columns-4 gallery-size-thumbnail'><dl class='gallery-item'>\n\t\t\t<dt class='gallery-icon landscape'>\n\t\t\t\t<a href='https:\/\/www.auxcinephilesdeleau.com\/?attachment_id=1765'><img width=\"150\" height=\"150\" src=\"https:\/\/www.auxcinephilesdeleau.com\/wp-content\/uploads\/2015\/07\/P1010107-150x150.jpg\" class=\"attachment-thumbnail size-thumbnail\" alt=\"\" decoding=\"async\" loading=\"lazy\" \/><\/a>\n\t\t\t<\/dt><\/dl><dl class='gallery-item'>\n\t\t\t<dt class='gallery-icon portrait'>\n\t\t\t\t<a href='https:\/\/www.auxcinephilesdeleau.com\/?attachment_id=1766'><img width=\"150\" height=\"150\" src=\"https:\/\/www.auxcinephilesdeleau.com\/wp-content\/uploads\/2015\/07\/P1010112-150x150.jpg\" class=\"attachment-thumbnail size-thumbnail\" alt=\"\" decoding=\"async\" loading=\"lazy\" \/><\/a>\n\t\t\t<\/dt><\/dl><dl class='gallery-item'>\n\t\t\t<dt class='gallery-icon landscape'>\n\t\t\t\t<a href='https:\/\/www.auxcinephilesdeleau.com\/?attachment_id=1767'><img width=\"150\" height=\"150\" src=\"https:\/\/www.auxcinephilesdeleau.com\/wp-content\/uploads\/2015\/07\/P1010135-150x150.jpg\" class=\"attachment-thumbnail size-thumbnail\" alt=\"\" decoding=\"async\" loading=\"lazy\" \/><\/a>\n\t\t\t<\/dt><\/dl><dl class='gallery-item'>\n\t\t\t<dt class='gallery-icon portrait'>\n\t\t\t\t<a href='https:\/\/www.auxcinephilesdeleau.com\/?attachment_id=1768'><img width=\"150\" height=\"150\" src=\"https:\/\/www.auxcinephilesdeleau.com\/wp-content\/uploads\/2015\/07\/P1010145-150x150.jpg\" class=\"attachment-thumbnail size-thumbnail\" alt=\"\" decoding=\"async\" loading=\"lazy\" \/><\/a>\n\t\t\t<\/dt><\/dl><br style=\"clear: both\" \/>\n\t\t<\/div>\n\n<p style=\"margin: 0cm; margin-bottom: .0001pt; text-align: justify;\"><span style=\"font-family: 'Georgia','serif'; color: #444444;\"><a href=\"https:\/\/www.auxcinephilesdeleau.com\/wp-content\/uploads\/2015\/07\/cri\u00e9e-Camaret.jpg\"><img decoding=\"async\" loading=\"lazy\" class=\"alignleft size-medium wp-image-1756\" src=\"https:\/\/www.auxcinephilesdeleau.com\/wp-content\/uploads\/2015\/07\/cri\u00e9e-Camaret-300x169.jpg\" alt=\"cri\u00e9e-Camaret\" width=\"300\" height=\"169\" srcset=\"https:\/\/www.auxcinephilesdeleau.com\/wp-content\/uploads\/2015\/07\/cri\u00e9e-Camaret-300x169.jpg 300w, https:\/\/www.auxcinephilesdeleau.com\/wp-content\/uploads\/2015\/07\/cri\u00e9e-Camaret.jpg 1024w, https:\/\/www.auxcinephilesdeleau.com\/wp-content\/uploads\/2015\/07\/cri\u00e9e-Camaret-600x338.jpg 600w\" sizes=\"(max-width: 300px) 100vw, 300px\" \/><\/a>Camaret est aussi notre premi\u00e8re escale o\u00f9 Cin\u00e9 SearCus se retrouve en totale free lance\u00a0: pas de contact au pr\u00e9alable, on fait tout sur le tas (demande de d\u00e9fraiement du port, autorisation mairie, article dans les <a href=\"https:\/\/www.auxcinephilesdeleau.com\/wp-content\/uploads\/2015\/07\/camaretspectC.jpg\"><img decoding=\"async\" loading=\"lazy\" class=\"alignright size-medium wp-image-1757\" src=\"https:\/\/www.auxcinephilesdeleau.com\/wp-content\/uploads\/2015\/07\/camaretspectC-300x190.jpg\" alt=\"camaretspectC\" width=\"300\" height=\"190\" srcset=\"https:\/\/www.auxcinephilesdeleau.com\/wp-content\/uploads\/2015\/07\/camaretspectC-300x190.jpg 300w, https:\/\/www.auxcinephilesdeleau.com\/wp-content\/uploads\/2015\/07\/camaretspectC.jpg 1024w, https:\/\/www.auxcinephilesdeleau.com\/wp-content\/uploads\/2015\/07\/camaretspectC-600x380.jpg 600w\" sizes=\"(max-width: 300px) 100vw, 300px\" \/><\/a>journaux, affiches\u2026). Certaines choses fonctionnent d\u2019autres moins\u00a0: on r\u00e9ussit \u00e0 obtenir 10% de remise sur le tarif hebdomadaire, autant dire un geste symbolique\u2026 Pour le reste, on \u00e9tait assez contents de nous. Ben a rempli pleinement son r\u00f4le de crieur de rue en passant \u00e0 v\u00e9lo avec son fumistier de voyage devant tous les bars devant les quais. Il a ensuite fait une longue cri\u00e9e devant la place o\u00f9 l\u2019on allait jouer ce qui a ramen\u00e9 la moiti\u00e9 du public.<\/span><\/p>\n<p style=\"margin: 0cm; margin-bottom: .0001pt; text-align: justify;\"><span style=\"font-family: 'Georgia','serif'; color: #444444;\">\u00a0<\/span><\/p>\n<p style=\"margin: 0cm; margin-bottom: .0001pt; text-align: justify;\"><span style=\"font-family: 'Georgia','serif'; color: #444444;\">    <a href=\"https:\/\/www.auxcinephilesdeleau.com\/wp-content\/uploads\/2015\/07\/SAM_6755.jpg\"><img decoding=\"async\" loading=\"lazy\" class=\"alignleft size-medium wp-image-1769\" src=\"https:\/\/www.auxcinephilesdeleau.com\/wp-content\/uploads\/2015\/07\/SAM_6755-300x196.jpg\" alt=\"SAM_6755\" width=\"300\" height=\"196\" srcset=\"https:\/\/www.auxcinephilesdeleau.com\/wp-content\/uploads\/2015\/07\/SAM_6755-300x196.jpg 300w, https:\/\/www.auxcinephilesdeleau.com\/wp-content\/uploads\/2015\/07\/SAM_6755.jpg 1024w, https:\/\/www.auxcinephilesdeleau.com\/wp-content\/uploads\/2015\/07\/SAM_6755-600x393.jpg 600w\" sizes=\"(max-width: 300px) 100vw, 300px\" \/><\/a>  Nous avons jou\u00e9 vendredi et samedi, et le 1<sup>er<\/sup> soir nous avons rencontr\u00e9 Steph et Manu (et leur fille Lila, la 2<sup>\u00e8me<\/sup> copine de voyage de Noanne\u00a0!) qui nous ont chaleureusement invit\u00e9 \u00e0 manger une galette dans son camion-cuisine am\u00e9nag\u00e9 devant la plage de Pen-Hat. Une belle rencontre qui s\u2019est agr\u00e9ment\u00e9e de musique, sous le soleil, devant un paysage splendide, de superbes moments qui nous font nous demander pourquoi on veut quitter la Bretagne\u00a0!<\/span><\/p>\n<div id='gallery-3' class='gallery galleryid-1740 gallery-columns-4 gallery-size-thumbnail'><dl class='gallery-item'>\n\t\t\t<dt class='gallery-icon landscape'>\n\t\t\t\t<a href='https:\/\/www.auxcinephilesdeleau.com\/?attachment_id=1758'><img width=\"150\" height=\"150\" src=\"https:\/\/www.auxcinephilesdeleau.com\/wp-content\/uploads\/2015\/07\/DSC02729-150x150.jpg\" class=\"attachment-thumbnail size-thumbnail\" alt=\"\" decoding=\"async\" loading=\"lazy\" \/><\/a>\n\t\t\t<\/dt><\/dl><dl class='gallery-item'>\n\t\t\t<dt class='gallery-icon landscape'>\n\t\t\t\t<a href='https:\/\/www.auxcinephilesdeleau.com\/?attachment_id=1759'><img width=\"150\" height=\"150\" src=\"https:\/\/www.auxcinephilesdeleau.com\/wp-content\/uploads\/2015\/07\/DSC02739-150x150.jpg\" class=\"attachment-thumbnail size-thumbnail\" alt=\"\" decoding=\"async\" loading=\"lazy\" \/><\/a>\n\t\t\t<\/dt><\/dl><dl class='gallery-item'>\n\t\t\t<dt class='gallery-icon landscape'>\n\t\t\t\t<a href='https:\/\/www.auxcinephilesdeleau.com\/?attachment_id=1760'><img width=\"150\" height=\"150\" src=\"https:\/\/www.auxcinephilesdeleau.com\/wp-content\/uploads\/2015\/07\/DSC02751-150x150.jpg\" class=\"attachment-thumbnail size-thumbnail\" alt=\"\" decoding=\"async\" loading=\"lazy\" \/><\/a>\n\t\t\t<\/dt><\/dl><dl class='gallery-item'>\n\t\t\t<dt class='gallery-icon landscape'>\n\t\t\t\t<a href='https:\/\/www.auxcinephilesdeleau.com\/?attachment_id=1761'><img width=\"150\" height=\"150\" src=\"https:\/\/www.auxcinephilesdeleau.com\/wp-content\/uploads\/2015\/07\/DSC01708-150x150.jpg\" class=\"attachment-thumbnail size-thumbnail\" alt=\"\" decoding=\"async\" loading=\"lazy\" \/><\/a>\n\t\t\t<\/dt><\/dl><br style=\"clear: both\" \/>\n\t\t<\/div>\n\n<p>&nbsp;<\/p>\n<p style=\"margin: 0cm; margin-bottom: .0001pt; text-align: justify;\"><a href=\"https:\/\/www.auxcinephilesdeleau.com\/wp-content\/uploads\/2015\/07\/DSC02772.jpg\"><img decoding=\"async\" loading=\"lazy\" class=\"alignleft size-medium wp-image-1762\" src=\"https:\/\/www.auxcinephilesdeleau.com\/wp-content\/uploads\/2015\/07\/DSC02772-163x300.jpg\" alt=\"DSC02772\" width=\"163\" height=\"300\" srcset=\"https:\/\/www.auxcinephilesdeleau.com\/wp-content\/uploads\/2015\/07\/DSC02772-163x300.jpg 163w, https:\/\/www.auxcinephilesdeleau.com\/wp-content\/uploads\/2015\/07\/DSC02772.jpg 557w\" sizes=\"(max-width: 163px) 100vw, 163px\" \/><\/a><\/p>\n<p style=\"margin: 0cm; margin-bottom: .0001pt; text-align: justify;\"><span style=\"font-family: 'Georgia','serif'; color: #444444;\">Nous sommes arriv\u00e9s \u00e0 Camaret avec Lord Jim dont le capitaine Yann avait boss\u00e9 sur la Recouvrance, et nous quittons Camaret avec l&rsquo;arriv\u00e9e de la Recouvrance, beau clin d&rsquo;oeil, et belle photo !<\/span><\/p>\n<p style=\"margin: 0cm; margin-bottom: .0001pt; text-align: justify;\">\n<p style=\"margin: 0cm; margin-bottom: .0001pt; text-align: justify;\"><span style=\"font-family: 'Georgia','serif'; color: #444444;\">Nous nous rendons \u00e0 Douarnenez dans la journ\u00e9e du mardi 30 juin sous un temps magnifique, port\u00e9s par un vent chaud\u00a0! Si chaud qu\u2019il a finalement bien souffl\u00e9 dans la baie de Douarnenez, on a tir\u00e9 des bords avec parfois 29 n\u0153uds de rafales, quand m\u00eame\u00a0! On a pris 2 ris et on s\u2019est sentis plut\u00f4t \u00e0 l\u2019aise, quelle diff\u00e9rence de voyager avec Dominao ou avec notre ancien voilier Evaloa\u00a0! Dominao est tellement large qu\u2019on ne sent pas trop la g\u00eete \u00e0 l\u2019int\u00e9rieur. Si bien qu\u2019arriv\u00e9s \u00e0 Douarn, plusieurs bateaux nous ont dit \u00ab\u00a0avoir pris cher\u00a0\u00bb, \u00ab\u00a0s\u2019\u00eatre fait bien branl\u00e9s\u00a0\u00bb, alors qu\u2019on leur a r\u00e9pondu sans pr\u00e9tention \u00ab\u00a0Ah bon\u00a0? Nous \u00e7a allait\u2026\u00a0\u00bb. Les enfants en navigation sont oppos\u00e9s\u00a0! Titouan est sur-excit\u00e9 et Noanne est compl\u00e8tement endormie, plut\u00f4t naus\u00e9euse pendant que son fr\u00e8re rigole lorsque la g\u00eete le fait tomber\u00a0! Mais \u00e7a aussi \u00e7a va \u00e9voluer avec le temps, enfin on esp\u00e8re surtout pour Noanne qu\u2019elle se sentira plus \u00e0 l\u2019aise au fil de l\u2019eau\u2026<\/span><\/p>\n<p style=\"margin: 0cm; margin-bottom: .0001pt; text-align: justify;\">\n<p style=\"margin: 0cm; margin-bottom: .0001pt; text-align: justify;\">\n<p style=\"margin: 0cm; margin-bottom: .0001pt; text-align: justify;\">\n<p style=\"margin: 0cm; margin-bottom: .0001pt; text-align: justify;\"><a href=\"https:\/\/www.auxcinephilesdeleau.com\/wp-content\/uploads\/2015\/07\/DSC025831.jpg\"><img decoding=\"async\" loading=\"lazy\" class=\"alignnone  wp-image-1772\" src=\"https:\/\/www.auxcinephilesdeleau.com\/wp-content\/uploads\/2015\/07\/DSC025831-300x169.jpg\" alt=\"DSC02583\" width=\"307\" height=\"173\" srcset=\"https:\/\/www.auxcinephilesdeleau.com\/wp-content\/uploads\/2015\/07\/DSC025831-300x169.jpg 300w, https:\/\/www.auxcinephilesdeleau.com\/wp-content\/uploads\/2015\/07\/DSC025831-1024x576.jpg 1024w, https:\/\/www.auxcinephilesdeleau.com\/wp-content\/uploads\/2015\/07\/DSC025831-600x338.jpg 600w\" sizes=\"(max-width: 307px) 100vw, 307px\" \/><\/a>\u00a0<a href=\"https:\/\/www.auxcinephilesdeleau.com\/wp-content\/uploads\/2015\/07\/DSC02669.jpg\"><img decoding=\"async\" loading=\"lazy\" class=\"alignnone  wp-image-1750\" src=\"https:\/\/www.auxcinephilesdeleau.com\/wp-content\/uploads\/2015\/07\/DSC02669-300x169.jpg\" alt=\"DSC02669\" width=\"306\" height=\"172\" srcset=\"https:\/\/www.auxcinephilesdeleau.com\/wp-content\/uploads\/2015\/07\/DSC02669-300x169.jpg 300w, https:\/\/www.auxcinephilesdeleau.com\/wp-content\/uploads\/2015\/07\/DSC02669.jpg 1024w, https:\/\/www.auxcinephilesdeleau.com\/wp-content\/uploads\/2015\/07\/DSC02669-600x338.jpg 600w\" sizes=\"(max-width: 306px) 100vw, 306px\" \/><\/a><\/p>\n<p style=\"margin: 0cm; margin-bottom: .0001pt; text-align: justify;\">\n<p style=\"margin: 0cm; margin-bottom: .0001pt; text-align: justify;\">\n<p style=\"margin: 0cm; margin-bottom: .0001pt; text-align: justify;\">\n<p style=\"margin: 0cm; margin-bottom: .0001pt; text-align: justify;\">Nous arrivons \u00e0 Douarnenez avec 15 jours de retard sur notre programme. J\u2019avais pris un premier contact avec le port-mus\u00e9e mais sans les relancer car on ne savait jamais lorsque l\u2019on allait arriver (enfin \u00e7a changeait tout le temps\u00a0!). Nous sommes donc arriv\u00e9s un peu \u00e0 l\u2019improviste, et notre contact sur place, Leila, nous envoie un sms \u00e0 l\u2019entr\u00e9e de l\u2019\u00e9cluse : \u00ab\u00a0c\u2019est incroyable, une compagnie est arriv\u00e9e une demi heure avant vous et ils jouent en partenariat avec le port mus\u00e9e tout le week-end sur le quai\u00a0!\u00a0\u00bb. Sur le coup, on est d\u00e9go\u00fbt\u00e9s, comment est-ce possible de se retrouver un m\u00eame week-end en concurrence avec un autre bateau-spectacle, on n\u2019est quand m\u00eame pas 10 mille!! Mais on ne met pas longtemps \u00e0 se dire qu\u2019au final, on doit s\u00fbrement les conna\u00eetre et c\u2019est peu dire\u00a0: c\u2019est le navire \u00ab\u00a0Ship of Fools\u00a0\u00bb qui est amarr\u00e9 au port Rhu\u00a0! Ben a pass\u00e9 quelques mois sur ce bateau, du temps o\u00f9 l\u2019on tenait le pub ils devaient venir \u00e0 Pontrieux pr\u00e9senter leur spectacle\u00a0! \u00c7a fait des ann\u00e9es qu\u2019on r\u00eave de les rencontrer\u00a0! Alors c\u2019est le gros renversement de situation\u00a0: on est trop heureux\u00a0! C\u2019est trop beau, on n\u2019\u00e9chappe pas \u00e0 son destin, il fallait bien un jour que nos 2 projets se rencontrent\u00a0!<\/p>\n<p style=\"margin: 0cm; margin-bottom: .0001pt; text-align: justify;\">\n<p style=\"margin: 0cm; margin-bottom: .0001pt; text-align: justify;\">\n<div id=\"attachment_1770\" style=\"width: 650px\" class=\"wp-caption aligncenter\"><a href=\"https:\/\/www.auxcinephilesdeleau.com\/wp-content\/uploads\/2015\/07\/DSC02785.jpg\"><img aria-describedby=\"caption-attachment-1770\" decoding=\"async\" loading=\"lazy\" class=\"wp-image-1770 size-large\" src=\"https:\/\/www.auxcinephilesdeleau.com\/wp-content\/uploads\/2015\/07\/DSC02785-1024x576.jpg\" alt=\"August en r\u00e9p\u00e9tition \" width=\"640\" height=\"360\" srcset=\"https:\/\/www.auxcinephilesdeleau.com\/wp-content\/uploads\/2015\/07\/DSC02785-1024x576.jpg 1024w, https:\/\/www.auxcinephilesdeleau.com\/wp-content\/uploads\/2015\/07\/DSC02785-300x169.jpg 300w, https:\/\/www.auxcinephilesdeleau.com\/wp-content\/uploads\/2015\/07\/DSC02785-600x338.jpg 600w\" sizes=\"(max-width: 640px) 100vw, 640px\" \/><\/a><p id=\"caption-attachment-1770\" class=\"wp-caption-text\">August en r\u00e9p\u00e9tition<\/p><\/div>\n<p style=\"margin: 0cm; margin-bottom: .0001pt; text-align: justify;\">\n<p style=\"margin: 0cm; margin-bottom: .0001pt; text-align: justify;\">\n<p style=\"margin: 0cm; margin-bottom: .0001pt; text-align: justify;\">The Ship of Fools, ou la nef des fous, est un \u00ab\u00a0lougre\u00a0\u00bb hollandais de 1916, de 30 m\u00e8tres, achet\u00e9 en 1989 par l\u2019association Azart men\u00e9 par August Dirsk, la seule personne \u00e0 \u00eatre rest\u00e9e sur le projet aujourd\u2019hui, 26 ans qu\u2019il navigue et encadre les projets artistiques sur ce navire, un sacr\u00e9 personnage\u00a0!<\/p>\n<p style=\"margin: 0cm; margin-bottom: .0001pt; text-align: justify;\">\n<p style=\"margin: 0cm; margin-bottom: .0001pt; text-align: justify;\">Dur dur de r\u00e9sumer cette inoubliable rencontre, 12 personnes \u00e0 bord de diverses nationalit\u00e9s (metteur en sc\u00e8ne russe, acteurs hollandais, espagnols, italiens, chiliens, et une fran\u00e7aise), ensemble de mai \u00e0 septembre pour une tourn\u00e9e qui a d\u00e9but\u00e9 en Espagne, puis en France pour finir en Hollande. Ils pr\u00e9sentent une pi\u00e8ce de th\u00e9\u00e2tre \u00ab\u00a0le monde \u00e0 l\u2019envers\u00a0\u00bb issue d\u2019une \u0153uvre du norv\u00e9gien Henrik Ibsen.<\/p>\n<p style=\"margin: 0cm; margin-bottom: .0001pt; text-align: justify;\">\n<p style=\"margin: 0cm; margin-bottom: .0001pt; text-align: justify;\">\n<p style=\"margin: 0cm; margin-bottom: .0001pt; text-align: justify;\"><a href=\"https:\/\/www.auxcinephilesdeleau.com\/wp-content\/uploads\/2015\/07\/DSC02827.jpg\"><img decoding=\"async\" loading=\"lazy\" class=\"alignnone  wp-image-1773\" src=\"https:\/\/www.auxcinephilesdeleau.com\/wp-content\/uploads\/2015\/07\/DSC02827-300x162.jpg\" alt=\"DSC02827\" width=\"333\" height=\"180\" srcset=\"https:\/\/www.auxcinephilesdeleau.com\/wp-content\/uploads\/2015\/07\/DSC02827-300x162.jpg 300w, https:\/\/www.auxcinephilesdeleau.com\/wp-content\/uploads\/2015\/07\/DSC02827.jpg 1024w, https:\/\/www.auxcinephilesdeleau.com\/wp-content\/uploads\/2015\/07\/DSC02827-600x323.jpg 600w\" sizes=\"(max-width: 333px) 100vw, 333px\" \/><\/a>\u00a0<a href=\"https:\/\/www.auxcinephilesdeleau.com\/wp-content\/uploads\/2015\/07\/DSC02829.jpg\"><img decoding=\"async\" loading=\"lazy\" class=\"alignnone size-medium wp-image-1774\" src=\"https:\/\/www.auxcinephilesdeleau.com\/wp-content\/uploads\/2015\/07\/DSC02829-300x181.jpg\" alt=\"DSC02829\" width=\"300\" height=\"181\" srcset=\"https:\/\/www.auxcinephilesdeleau.com\/wp-content\/uploads\/2015\/07\/DSC02829-300x181.jpg 300w, https:\/\/www.auxcinephilesdeleau.com\/wp-content\/uploads\/2015\/07\/DSC02829-600x362.jpg 600w, https:\/\/www.auxcinephilesdeleau.com\/wp-content\/uploads\/2015\/07\/DSC02829.jpg 954w\" sizes=\"(max-width: 300px) 100vw, 300px\" \/><\/a><\/p>\n<p style=\"margin: 0cm; margin-bottom: .0001pt; text-align: justify;\">\n<p style=\"margin: 0cm; margin-bottom: .0001pt; text-align: justify;\">\n<p style=\"margin: 0cm; margin-bottom: .0001pt; text-align: justify;\">\n<p style=\"margin: 0cm; margin-bottom: .0001pt; text-align: justify;\">\n<p style=\"margin: 0cm; margin-bottom: .0001pt; text-align: justify;\">\n<p style=\"margin: 0cm; margin-bottom: .0001pt; text-align: justify;\"><a href=\"https:\/\/www.auxcinephilesdeleau.com\/wp-content\/uploads\/2015\/07\/DSC02818.jpg\"><img decoding=\"async\" loading=\"lazy\" class=\"alignleft size-thumbnail wp-image-1778\" src=\"https:\/\/www.auxcinephilesdeleau.com\/wp-content\/uploads\/2015\/07\/DSC02818-150x150.jpg\" alt=\"DSC02818\" width=\"150\" height=\"150\" \/><\/a><\/p>\n<div id=\"attachment_1779\" style=\"width: 160px\" class=\"wp-caption alignright\"><a href=\"https:\/\/www.auxcinephilesdeleau.com\/wp-content\/uploads\/2015\/07\/DSC02821.jpg\"><img aria-describedby=\"caption-attachment-1779\" decoding=\"async\" loading=\"lazy\" class=\"size-thumbnail wp-image-1779\" src=\"https:\/\/www.auxcinephilesdeleau.com\/wp-content\/uploads\/2015\/07\/DSC02821-150x150.jpg\" alt=\"Cri\u00e9e devant la MJC\" width=\"150\" height=\"150\" \/><\/a><p id=\"caption-attachment-1779\" class=\"wp-caption-text\">Cri\u00e9e devant la MJC<\/p><\/div>\n<p style=\"margin: 0cm; margin-bottom: .0001pt; text-align: justify;\">Ils jouaient vendredi-samedi-dimanche \u00e0 22h\u00a0; nous nous sommes arrang\u00e9s pour jouer le jeudi soir et le dimanche apr\u00e8s-midi \u00e0 la mjc. 2 jours seulement apr\u00e8s notre arriv\u00e9e, nous avons jou\u00e9 sur le navire du ship of fools, avec juste 1 ou 2 heures de r\u00e9p\u00e9tition pour adapter le spectacle sur le bateau. L\u2019arrache totale, mais qui allait bien avec l\u2019ambiance de la nef des fous et puis \u00e7a a march\u00e9\u00a0! J\u2019avais r\u00e9ussi \u00e0 contacter in extremis les journaux qui avaient fait un bel article, plus la com. des affiches, internet, la cri\u00e9e\u2026 nous avons eu au final plus de public le jeudi soir que pour leur spectacle le vendredi\u00a0!<\/p>\n<p style=\"margin: 0cm; margin-bottom: .0001pt; text-align: justify;\">\n<p style=\"margin: 0cm; margin-bottom: .0001pt; text-align: justify;\">\n<p style=\"margin: 0cm; margin-bottom: .0001pt; text-align: justify;\">\n<p style=\"margin: 0cm; margin-bottom: .0001pt; text-align: justify;\"><a href=\"https:\/\/www.auxcinephilesdeleau.com\/wp-content\/uploads\/2015\/07\/nefdesfousC.jpg\"><img decoding=\"async\" loading=\"lazy\" class=\"alignnone  wp-image-1780\" src=\"https:\/\/www.auxcinephilesdeleau.com\/wp-content\/uploads\/2015\/07\/nefdesfousC-300x156.jpg\" alt=\"nefdesfousC\" width=\"330\" height=\"172\" srcset=\"https:\/\/www.auxcinephilesdeleau.com\/wp-content\/uploads\/2015\/07\/nefdesfousC-300x156.jpg 300w, https:\/\/www.auxcinephilesdeleau.com\/wp-content\/uploads\/2015\/07\/nefdesfousC-600x311.jpg 600w, https:\/\/www.auxcinephilesdeleau.com\/wp-content\/uploads\/2015\/07\/nefdesfousC.jpg 994w\" sizes=\"(max-width: 330px) 100vw, 330px\" \/><\/a>\u00a0<a href=\"https:\/\/www.auxcinephilesdeleau.com\/wp-content\/uploads\/2015\/07\/NEFdesfousC-2.jpg\"><img decoding=\"async\" loading=\"lazy\" class=\"alignnone  wp-image-1771\" src=\"https:\/\/www.auxcinephilesdeleau.com\/wp-content\/uploads\/2015\/07\/NEFdesfousC-2-300x169.jpg\" alt=\"NEFdesfousC (2)\" width=\"305\" height=\"172\" srcset=\"https:\/\/www.auxcinephilesdeleau.com\/wp-content\/uploads\/2015\/07\/NEFdesfousC-2-300x169.jpg 300w, https:\/\/www.auxcinephilesdeleau.com\/wp-content\/uploads\/2015\/07\/NEFdesfousC-2.jpg 1024w, https:\/\/www.auxcinephilesdeleau.com\/wp-content\/uploads\/2015\/07\/NEFdesfousC-2-600x338.jpg 600w\" sizes=\"(max-width: 305px) 100vw, 305px\" \/><\/a><\/p>\n<p style=\"margin: 0cm; margin-bottom: .0001pt; text-align: justify;\">\n<p style=\"margin: 0cm; margin-bottom: .0001pt; text-align: justify;\">\n<p style=\"margin: 0cm; margin-bottom: .0001pt; text-align: justify;\">\n<p style=\"margin: 0cm; margin-bottom: .0001pt; text-align: justify;\">On a film\u00e9 le spectacle pour un moment inoubliable dans la vie de Cin\u00e9 SearCus\u00a0! Ils nous ont invit\u00e9s \u00e0 manger le lundi midi, fait la f\u00eate ensemble le soir et j\u2019ai r\u00e9alis\u00e9 deux interviews (d\u2019August et de deux des acteurs) dans l\u2019optique de faire un compte rendu film\u00e9 de cette joyeuse rencontre de deux bateaux-spectacle\u00a0!!<\/p>\n<p style=\"margin: 0cm; margin-bottom: .0001pt; text-align: justify;\">\n<p style=\"margin: 0cm; margin-bottom: .0001pt; text-align: justify;\">\n<p style=\"margin: 0cm; margin-bottom: .0001pt; text-align: justify;\">\n<p style=\"margin: 0cm; margin-bottom: .0001pt; text-align: justify;\"><a href=\"https:\/\/www.auxcinephilesdeleau.com\/wp-content\/uploads\/2015\/07\/DSC02831.jpg\"><img decoding=\"async\" loading=\"lazy\" class=\"alignnone  wp-image-1775\" src=\"https:\/\/www.auxcinephilesdeleau.com\/wp-content\/uploads\/2015\/07\/DSC02831-300x169.jpg\" alt=\"DSC02831\" width=\"316\" height=\"178\" srcset=\"https:\/\/www.auxcinephilesdeleau.com\/wp-content\/uploads\/2015\/07\/DSC02831-300x169.jpg 300w, https:\/\/www.auxcinephilesdeleau.com\/wp-content\/uploads\/2015\/07\/DSC02831.jpg 1024w, https:\/\/www.auxcinephilesdeleau.com\/wp-content\/uploads\/2015\/07\/DSC02831-600x338.jpg 600w\" sizes=\"(max-width: 316px) 100vw, 316px\" \/><\/a>\u00a0<a href=\"https:\/\/www.auxcinephilesdeleau.com\/wp-content\/uploads\/2015\/07\/DSC02836.jpg\"><img decoding=\"async\" loading=\"lazy\" class=\"alignnone  wp-image-1781\" src=\"https:\/\/www.auxcinephilesdeleau.com\/wp-content\/uploads\/2015\/07\/DSC02836-300x169.jpg\" alt=\"DSC02836\" width=\"317\" height=\"179\" srcset=\"https:\/\/www.auxcinephilesdeleau.com\/wp-content\/uploads\/2015\/07\/DSC02836-300x169.jpg 300w, https:\/\/www.auxcinephilesdeleau.com\/wp-content\/uploads\/2015\/07\/DSC02836-1024x576.jpg 1024w, https:\/\/www.auxcinephilesdeleau.com\/wp-content\/uploads\/2015\/07\/DSC02836-600x338.jpg 600w\" sizes=\"(max-width: 317px) 100vw, 317px\" \/><\/a><\/p>\n<p style=\"margin: 0cm; margin-bottom: .0001pt; text-align: justify;\">\n<p style=\"margin: 0cm; margin-bottom: .0001pt; text-align: justify;\">\n<p style=\"margin: 0cm; margin-bottom: .0001pt; text-align: justify;\">\n<p style=\"margin: 0cm; margin-bottom: .0001pt; text-align: justify;\">Nous rejouons le week-end prochain \u00e0 Douarnenez puis nous pensons nous rendre en Bretagne sud la semaine suivante. O\u00f9, on ne sait pas encore, c\u2019est de la tourn\u00e9e improvis\u00e9e\u00a0! On s\u2019\u00e9tait fix\u00e9 des dates jusqu\u2019\u00e0 Douarnenez d\u00e9but juillet puis on avait laiss\u00e9 le programme libre pour pouvoir d\u00e9golfer d\u00e8s l\u2019ouverture d\u2019une bonne fen\u00eatre m\u00e9t\u00e9o. Maintenant on se dit aussi qu\u2019on a un peu de temps devant nous pour faire tourner un peu Cin\u00e9 SearCus en Bretagne sud avant la Galice peut-\u00eatre bien, il y a de grandes chances qu\u2019on reste en Bretagne ce mois de juillet\u00a0!<\/p>\n<p style=\"margin: 0cm; margin-bottom: .0001pt; text-align: justify;\">\n<p style=\"margin: 0cm; margin-bottom: .0001pt; text-align: justify;\">J\u2019aurais pu vous en dire encore et encore, c\u2019est pourquoi j\u2019esp\u00e8re qu\u2019\u00e0 l\u2019avenir je trouverai le temps d\u00e9crire plus fr\u00e9quemment pour pouvoir condenser mes messages et en m\u00eame temps vous donnez plus d\u2019anecdotes, de ressentis, de d\u00e9tails\u00a0!! Mais gardons-en pour la suite\u00a0!!<\/p>\n<p style=\"margin: 0cm; margin-bottom: .0001pt; text-align: justify;\">\n<p style=\"margin: 0cm; margin-bottom: .0001pt; text-align: justify;\">Et pour ceux qui n\u2019aiment pas trop attendre, vous pouvez vous rendre sur notre page <a href=\"http:\/\/www.facebook.com\/cinesearcus\">www.facebook.com\/cinesearcus<\/a> qui est aliment\u00e9e plus r\u00e9guli\u00e8rement sur les lieux o\u00f9 l\u2019on se trouve et les dates de spectacle.<\/p>\n<p>Bisous \u00e0 tous et \u00e0 bient\u00f4t\u00a0!<\/p>\n<p>Pauline pour Cin\u00e9 SearCus<\/p>\n<p>PS\u00a0: N\u2019h\u00e9sitez pas \u00e0 vous inscrire sur notre newsletter pour recevoir nos nouvelles par mail\u00a0!<\/p>\n<p>PPS : Vous pouvez cliquer sur les photos pour les voir en grand !<\/p>\n<p>&nbsp;<\/p>\n<p style=\"text-align: right;\">\n","protected":false},"excerpt":{"rendered":"<p>Bonjour \u00e0 tous ! \u00a0 Il m&rsquo;en aura fallu du temps pour vous \u00e9crire ce premier message ! J&rsquo;esp\u00e8re que je ferai mieux au cours du voyage&#8230; \u00a0 Oui, premier message de Dominao en voyage, youhou ! D\u2019un c\u00f4t\u00e9, on &hellip; <a href=\"https:\/\/www.auxcinephilesdeleau.com\/?p=1740\">Continuer la lecture <span class=\"meta-nav\">&rarr;<\/span><\/a><\/p>\n","protected":false},"author":3,"featured_media":0,"comment_status":"open","ping_status":"open","sticky":false,"template":"","format":"standard","meta":{"_mi_skip_tracking":false,"_monsterinsights_sitenote_active":false,"_monsterinsights_sitenote_note":"","_monsterinsights_sitenote_category":0,"footnotes":""},"categories":[16],"tags":[],"_links":{"self":[{"href":"https:\/\/www.auxcinephilesdeleau.com\/index.php?rest_route=\/wp\/v2\/posts\/1740"}],"collection":[{"href":"https:\/\/www.auxcinephilesdeleau.com\/index.php?rest_route=\/wp\/v2\/posts"}],"about":[{"href":"https:\/\/www.auxcinephilesdeleau.com\/index.php?rest_route=\/wp\/v2\/types\/post"}],"author":[{"embeddable":true,"href":"https:\/\/www.auxcinephilesdeleau.com\/index.php?rest_route=\/wp\/v2\/users\/3"}],"replies":[{"embeddable":true,"href":"https:\/\/www.auxcinephilesdeleau.com\/index.php?rest_route=%2Fwp%2Fv2%2Fcomments&post=1740"}],"version-history":[{"count":17,"href":"https:\/\/www.auxcinephilesdeleau.com\/index.php?rest_route=\/wp\/v2\/posts\/1740\/revisions"}],"predecessor-version":[{"id":1792,"href":"https:\/\/www.auxcinephilesdeleau.com\/index.php?rest_route=\/wp\/v2\/posts\/1740\/revisions\/1792"}],"wp:attachment":[{"href":"https:\/\/www.auxcinephilesdeleau.com\/index.php?rest_route=%2Fwp%2Fv2%2Fmedia&parent=1740"}],"wp:term":[{"taxonomy":"category","embeddable":true,"href":"https:\/\/www.auxcinephilesdeleau.com\/index.php?rest_route=%2Fwp%2Fv2%2Fcategories&post=1740"},{"taxonomy":"post_tag","embeddable":true,"href":"https:\/\/www.auxcinephilesdeleau.com\/index.php?rest_route=%2Fwp%2Fv2%2Ftags&post=1740"}],"curies":[{"name":"wp","href":"https:\/\/api.w.org\/{rel}","templated":true}]}}