{"id":1932,"date":"2015-10-25T18:55:21","date_gmt":"2015-10-25T17:55:21","guid":{"rendered":"http:\/\/www.auxcinephilesdeleau.com\/?p=1932"},"modified":"2016-10-24T18:20:00","modified_gmt":"2016-10-24T17:20:00","slug":"le-collectif","status":"publish","type":"post","link":"https:\/\/www.auxcinephilesdeleau.com\/?p=1932","title":{"rendered":"LE COLLECTIF !!"},"content":{"rendered":"<p align=\"JUSTIFY\">Bonjour \u00e0 tous,<\/p>\n<p align=\"JUSTIFY\">vu la fin de mon dernier message, je me suis vue dans l&rsquo;obligation de continuer mes r\u00e9flexions sur Cin\u00e9 SearCus et son avenir\u00a0! Comme tout projet collectif, et qui plus est en voilier, son avenir est bien incertain, mais c&rsquo;est \u00e7a qui en fait aussi sa beaut\u00e9\u00a0!<\/p>\n<p align=\"JUSTIFY\"><a href=\"https:\/\/www.auxcinephilesdeleau.com\/wp-content\/uploads\/2015\/10\/IMG_9775.jpg\"><img decoding=\"async\" loading=\"lazy\" class=\"aligncenter size-large wp-image-1934\" src=\"https:\/\/www.auxcinephilesdeleau.com\/wp-content\/uploads\/2015\/10\/IMG_9775-1024x683.jpg\" alt=\"IMG_9775\" width=\"640\" height=\"427\" srcset=\"https:\/\/www.auxcinephilesdeleau.com\/wp-content\/uploads\/2015\/10\/IMG_9775.jpg 1024w, https:\/\/www.auxcinephilesdeleau.com\/wp-content\/uploads\/2015\/10\/IMG_9775-300x200.jpg 300w, https:\/\/www.auxcinephilesdeleau.com\/wp-content\/uploads\/2015\/10\/IMG_9775-600x400.jpg 600w\" sizes=\"(max-width: 640px) 100vw, 640px\" \/><\/a>De nouveau un mois s&rsquo;est \u00e9coul\u00e9 depuis mon dernier message, j&rsquo;ai mis quelques temps pour pouvoir \u00e9crire celui-ci alors depuis, beaucoup de choses se sont pass\u00e9es&#8230; Que raconter ? O\u00f9 commencer ?<\/p>\n<p align=\"JUSTIFY\">On a r\u00e9ussi tant bien que mal \u00e0 retrouver nos deux \u00e9quipiers Surya et Gros Ben, d&rsquo;abord \u00e0 Vilagarcia puis nous sommes partis \u00e0 O&rsquo; Grobe, ENFIN\u00a0! O&rsquo; Grobe \u00e9tait pour nous un symbole, depuis la Bretagne il \u00e9tait question qu&rsquo;on se retrouve l\u00e0-bas pour jouer le spectacle. L&rsquo;an pass\u00e9 la premi\u00e8re cession Cin\u00e9 SearCus (avec le voilier de Paolo et Sandra et celui de Thierry) avait fait de chouettes rencontres dans ce petit village galicien (dans la baie d&rsquo;Arousa) et y avait jou\u00e9 un petit spectacle.<\/p>\n<p align=\"JUSTIFY\">Finalement, pour la seconde cession Cin\u00e9 SearCus, il en a \u00e9t\u00e9 tout autre. Nous avons d\u00e9cid\u00e9 d&rsquo;arr\u00eater le spectacle \u00e0 4 que l&rsquo;on a pr\u00e9sent\u00e9 lors de notre tourn\u00e9e bretonne, et ceci pour de multiples raisons qu&rsquo;il me sera difficile de r\u00e9sumer en quelques lignes et par \u00e9crit&#8230;<\/p>\n<p align=\"JUSTIFY\">Nous sommes confront\u00e9s \u00e0 beaucoup de contraintes qui ne nous ont pas donn\u00e9es envie de continuer le projet sous la forme qu&rsquo;on l&rsquo;avait con\u00e7ue cet hiver \u00e0 Pontrieux. Vivre au quotidien avec 2 \u00e9quipiers (qui sont l\u00e0 pour faire du spectacle) et 2 enfants sur un m\u00eame bateau (qui ne fait pas 15m avec 4 cabines), c&rsquo;est difficile\u00a0! Apr\u00e8s 3 mois de tourn\u00e9e bretonne, on ne se voyait pas continuer avec ce m\u00eame rythme, en y ajoutant cette fois un changement de pays (donc de langue), un changement de saison (fini la saison touristique o\u00f9 l&rsquo;on peut jouer partout tout le temps avec un public en vacances), la navigation et le stress qui en d\u00e9coule, etc, etc\u00a0!! Yann et moi pr\u00e9f\u00e9rons nous recentrer sur notre voyage, le bateau et la famille, tout en gardant notre projet, mais sous une forme plus l\u00e9g\u00e8re. On va recadrer le projet autour des projections de films, avec la partie \u00ab\u00a0searcus\u00a0\u00bb qui sera plut\u00f4t pr\u00e9sente entre les courts-m\u00e9trages, plus ou moins importante selon les personnes pr\u00e9sentes. Le but pour nous aujourd&rsquo;hui est d&rsquo;\u00eatre un maximum autonome pour ne pas avoir besoin de la pr\u00e9sence de m\u00eame \u00e9quipiers en permanence sur notre bateau. On imagine plut\u00f4t des bateaux-stoppeurs venir partager un temps avec nous, ou d&rsquo;autres bateaux rencontr\u00e9s au cours du voyage, comme en ce moment avec Hobo, Bule Doych et Nikola\u00efska.<\/p>\n<p align=\"JUSTIFY\">Lorsqu&rsquo;on a mont\u00e9 le projet Cin\u00e9 SearCus, on l&rsquo;avait \u00e9crit \u00e0 3 voiliers pour \u00e9viter justement ce trop plein sur un m\u00eame bateau, mais la vie en avait d\u00e9cid\u00e9 autrement\u00a0! Et puis il faut bien souvent vivre les choses pour pouvoir les analyser ensuite. Toute personne m\u00eame tout \u00e0 fait apte \u00e0 vivre en collectif aurait des difficult\u00e9s \u00e0 partager son quotidien, quand il est aussi restreint\u00a0! On ne veut pas dire que c&rsquo;est impossible, on a bien rencontr\u00e9 Bule Doych \u00e0 3 dans un 8m50 ou d&rsquo;autres \u00e0 5 dans un 10m50, mais ce sont tous des gars de 20 piges !<\/p>\n<p align=\"JUSTIFY\"><a href=\"https:\/\/www.auxcinephilesdeleau.com\/wp-content\/uploads\/2015\/10\/DSC03661.jpg\"><img decoding=\"async\" loading=\"lazy\" class=\"alignnone wp-image-1945\" src=\"https:\/\/www.auxcinephilesdeleau.com\/wp-content\/uploads\/2015\/10\/DSC03661-300x169.jpg\" alt=\"DSC03661\" width=\"406\" height=\"229\" srcset=\"https:\/\/www.auxcinephilesdeleau.com\/wp-content\/uploads\/2015\/10\/DSC03661-300x169.jpg 300w, https:\/\/www.auxcinephilesdeleau.com\/wp-content\/uploads\/2015\/10\/DSC03661.jpg 1024w, https:\/\/www.auxcinephilesdeleau.com\/wp-content\/uploads\/2015\/10\/DSC03661-600x338.jpg 600w\" sizes=\"(max-width: 406px) 100vw, 406px\" \/><\/a><a href=\"https:\/\/www.auxcinephilesdeleau.com\/wp-content\/uploads\/2015\/10\/IMG_9628.jpg\"><img decoding=\"async\" loading=\"lazy\" class=\"alignnone wp-image-1948\" src=\"https:\/\/www.auxcinephilesdeleau.com\/wp-content\/uploads\/2015\/10\/IMG_9628-200x300.jpg\" alt=\"IMG_9628\" width=\"230\" height=\"346\" srcset=\"https:\/\/www.auxcinephilesdeleau.com\/wp-content\/uploads\/2015\/10\/IMG_9628-200x300.jpg 200w, https:\/\/www.auxcinephilesdeleau.com\/wp-content\/uploads\/2015\/10\/IMG_9628.jpg 683w, https:\/\/www.auxcinephilesdeleau.com\/wp-content\/uploads\/2015\/10\/IMG_9628-600x900.jpg 600w\" sizes=\"(max-width: 230px) 100vw, 230px\" \/><\/a><\/p>\n<p align=\"JUSTIFY\">Il faut aussi vous avouer que nous n&rsquo;avons pas \u00e9t\u00e9 aid\u00e9 ces derniers temps point de vue vie collective&#8230; A notre demande (au d\u00e9part pour traverser le Golfe de Gascogne), Thierry (capitaine du 3\u00e8me voilier au d\u00e9part du projet Cin\u00e9 SearCus) est venu partager un temps avec nous sur notre bateau, et \u00e7a s&rsquo;est mal fini. Ce n&rsquo;\u00e9tait pas le bon moment pour nous d&rsquo;accueillir une nouvelle personne \u00e0 bord, et pour ne pas faire de prises de t\u00eates inutiles, on a pr\u00e9f\u00e9r\u00e9 ne rien dire, quelle erreur\u00a0! On trouve toujours des excuses pour ne pas dire en face ce qui nous d\u00e9range chez l&rsquo;autre\u00a0: \u00ab\u00a0\u00e7a sert \u00e0 rien, il s&rsquo;en va dans deux jours\u00a0\u00bb, \u00ab\u00a0c&rsquo;est un pote, on va pas se brouiller pour \u00e7a\u00a0\u00bb, MAIS NON, il faut toujours se dire les choses\u00a0!! Car bien souvent, \u00e7a finit par sortir car on n&rsquo;en peut plus, et alors \u00e7a p\u00e8te\u00a0!!<\/p>\n<p align=\"JUSTIFY\">Bref malgr\u00e9 tout, nous avons pu tirer des le\u00e7ons de cette mauvaise exp\u00e9rience, comme ne pas reproduire cette situation avec nos 2 \u00e9quipiers\u00a0! Nous sommes partis du fait qu&rsquo;il fallait mieux garder les bons moments, rester sur les \u00e9l\u00e9ments positifs, comme la tourn\u00e9e bretonne\u00a0! Il fallait mettre un terme \u00e0 cette premi\u00e8re \u00e9tape du voyage, tout en se quittant sur de bonnes bases, et c&rsquo;est ce qui s&rsquo;est pass\u00e9, forte heureusement\u00a0!<\/p>\n<p align=\"JUSTIFY\">Surya nous a quitt\u00e9 \u00e0 O&rsquo; Grobe, il pense continuer en bateau-stop pour traverser l&rsquo;Atlantique en fin d&rsquo;ann\u00e9e. Ben venant de nous retrouver en Galice reste avec nous jusqu&rsquo;aux Canaries, dans le but aussi de revisiter le spectacle pour en faire une version plus courte, plus simple, o\u00f9 Yann et moi pourrions \u00eatre autonomes. Nous avons retrouv\u00e9 Fabien \u00e0 Bayona qui a rachet\u00e9 le voilier Hobo d&rsquo;Angel et Marin de Pontrieux. Voyageant tout seul, il a embarqu\u00e9 Ben \u00e0 bord pour soulager notre espace de vie (et aussi car je recevais ma s\u0153ur Louise et son copain Guigui pendant 15 jours).<\/p>\n<p align=\"JUSTIFY\">Voil\u00e0 pour cette partie explicative peut-\u00eatre pas tr\u00e8s compr\u00e9hensible pour tout le monde, mais pour les gens qui suivent le projet Cin\u00e9 SearCus de pr\u00e8s, des petites pr\u00e9cisions s&rsquo;imposaient\u00a0! Cin\u00e9 SearCus est un essai de projet collectif en bateau, en m\u00eame temps qu&rsquo;un concept, qu&rsquo;un spectacle ; il a \u00e9volu\u00e9 et est amen\u00e9 \u00e0 \u00e9voluer encore. Yann et moi portons ce projet depuis le d\u00e9but, on a encore envie d&rsquo;y croire et d&rsquo;essayer tant bien que mal de le faire vivre, mais ce qui en d\u00e9coulera\u00a0: Inch&rsquo; Allah\u00a0!<\/p>\n<p align=\"JUSTIFY\">Pour marquer le changement d&rsquo;\u00e9tape dans le projet, on a organis\u00e9 une projection de courts-m\u00e9trages \u00e0 Baiona, avec l&rsquo;\u00e9nergie des potes des voiliers Bule Doych, Hobo, et Nikola\u00efska. Ce fut notre derni\u00e8re escale galicienne, et lors de notre premier voyage avec le bateau-cin\u00e9ma, nous y avions d\u00e9j\u00e0 organis\u00e9 une projection. Nous sommes arriv\u00e9s un mercredi, sommes all\u00e9s faire notre demande \u00e0 la mairie le jeudi pour le samedi, le d\u00e9lai \u00e9tait court\u00a0! L&rsquo;adjointe \u00e0 la culture \u00e9tait tr\u00e8s cordiale mais ne croyait pas trop en la possibilit\u00e9 d&rsquo;avoir du public un soir en octobre sans publicit\u00e9 au pr\u00e9alable&#8230; elle avait un peu raison\u00a0! Nous avons eu l&rsquo;autorisation de jouer sur la place en face de la Caravelle de Christophe Colomb \u00ab\u00a0la Pinta\u00a0\u00bb, et c&rsquo;\u00e9tait au final un bon moment\u00a0! Gros Ben a fait son crieur de rue en espagnol, Yann son \u00ab\u00a0solo\u00a0\u00bb de flute, moi mon faux discours, et c&rsquo;\u00e9tait d\u00e9j\u00e0 pas mal ! Y&rsquo;avait quand m\u00eame un petit public heureux, l&rsquo;ambiance \u00e9tait sympa\u00a0!<\/p>\n<div id='gallery-1' class='gallery galleryid-1932 gallery-columns-4 gallery-size-thumbnail'><dl class='gallery-item'>\n\t\t\t<dt class='gallery-icon landscape'>\n\t\t\t\t<a href='https:\/\/www.auxcinephilesdeleau.com\/?attachment_id=1935'><img width=\"150\" height=\"150\" src=\"https:\/\/www.auxcinephilesdeleau.com\/wp-content\/uploads\/2015\/10\/DSC03489-150x150.jpg\" class=\"attachment-thumbnail size-thumbnail\" alt=\"\" decoding=\"async\" loading=\"lazy\" \/><\/a>\n\t\t\t<\/dt><\/dl><dl class='gallery-item'>\n\t\t\t<dt class='gallery-icon landscape'>\n\t\t\t\t<a href='https:\/\/www.auxcinephilesdeleau.com\/?attachment_id=1953'><img width=\"150\" height=\"150\" src=\"https:\/\/www.auxcinephilesdeleau.com\/wp-content\/uploads\/2015\/10\/PROJbayona-150x150.jpg\" class=\"attachment-thumbnail size-thumbnail\" alt=\"\" decoding=\"async\" loading=\"lazy\" \/><\/a>\n\t\t\t<\/dt><\/dl><dl class='gallery-item'>\n\t\t\t<dt class='gallery-icon landscape'>\n\t\t\t\t<a href='https:\/\/www.auxcinephilesdeleau.com\/?attachment_id=1936'><img width=\"150\" height=\"150\" src=\"https:\/\/www.auxcinephilesdeleau.com\/wp-content\/uploads\/2015\/10\/DSC03552-150x150.jpg\" class=\"attachment-thumbnail size-thumbnail\" alt=\"\" decoding=\"async\" loading=\"lazy\" \/><\/a>\n\t\t\t<\/dt><\/dl><dl class='gallery-item'>\n\t\t\t<dt class='gallery-icon landscape'>\n\t\t\t\t<a href='https:\/\/www.auxcinephilesdeleau.com\/?attachment_id=1937'><img width=\"150\" height=\"150\" src=\"https:\/\/www.auxcinephilesdeleau.com\/wp-content\/uploads\/2015\/10\/DSC03570-150x150.jpg\" class=\"attachment-thumbnail size-thumbnail\" alt=\"\" decoding=\"async\" loading=\"lazy\" \/><\/a>\n\t\t\t<\/dt><\/dl><br style=\"clear: both\" \/>\n\t\t<\/div>\n\n<p align=\"JUSTIFY\">Nous avons ensuite de nouveau pass\u00e9 3 jours sous la temp\u00eate, puis nous avons largu\u00e9 les amarres pour nous rendre au Portugal\u00a0!<\/p>\n<p align=\"JUSTIFY\">Qui a eu le culot de s\u2019amarrer en plein centre ville de Porto, sur les quais de la Ribiera, et le tout gratos ? Dominao !! Dans ces moments l\u00e0, on ne peut \u00eatre que trop heureux de naviguer en bateau ! Arriver \u00e0 Porto par la rivi\u00e8re du Douro, c&rsquo;est trop magnifique ! Et passer les ap\u00e9ros sur le bateau devant le pont le plus touristique de Porto, trop la classe !! On avait ou\u00ef dire qu&rsquo;il \u00e9tait possible de s&rsquo;amarrer gratos sur un quai en plein centre de Porto, on n&rsquo;avait pas envie d&rsquo;aller au port de Leixoes, pas cher mais trop loin de Porto, ni de payer la marina pr\u00e8s du centre, alors on a tent\u00e9, on a os\u00e9, et on l&rsquo;a fait\u00a0! On a eu de la chance de tomber sur un portugais qui parlait fran\u00e7ais et qui passait par hasard sur les quais. Il a gentiment n\u00e9goci\u00e9 pour nous avec le capitaine des bateaux touristiques car au d\u00e9part, c&rsquo;\u00e9tait pas gagn\u00e9\u00a0! Il ne voulait pas qu&rsquo;on reste l\u00e0 car un gros bateau \u00e0 touristes devait s&rsquo;amarrer sur ce m\u00eame quai et n&rsquo;avait plus de place \u00e0 cause de nos deux voiliers. On s&rsquo;est alors mis \u00e0 couple et c&rsquo;est pass\u00e9\u00a0!<\/p>\n<div id='gallery-2' class='gallery galleryid-1932 gallery-columns-3 gallery-size-thumbnail'><dl class='gallery-item'>\n\t\t\t<dt class='gallery-icon landscape'>\n\t\t\t\t<a href='https:\/\/www.auxcinephilesdeleau.com\/?attachment_id=1939'><img width=\"150\" height=\"150\" src=\"https:\/\/www.auxcinephilesdeleau.com\/wp-content\/uploads\/2015\/10\/DSC03612-150x150.jpg\" class=\"attachment-thumbnail size-thumbnail\" alt=\"\" decoding=\"async\" loading=\"lazy\" \/><\/a>\n\t\t\t<\/dt><\/dl><dl class='gallery-item'>\n\t\t\t<dt class='gallery-icon landscape'>\n\t\t\t\t<a href='https:\/\/www.auxcinephilesdeleau.com\/?attachment_id=1949'><img width=\"150\" height=\"150\" src=\"https:\/\/www.auxcinephilesdeleau.com\/wp-content\/uploads\/2015\/10\/IMG_9715-150x150.jpg\" class=\"attachment-thumbnail size-thumbnail\" alt=\"\" decoding=\"async\" loading=\"lazy\" \/><\/a>\n\t\t\t<\/dt><\/dl><dl class='gallery-item'>\n\t\t\t<dt class='gallery-icon landscape'>\n\t\t\t\t<a href='https:\/\/www.auxcinephilesdeleau.com\/?attachment_id=1941'><img width=\"150\" height=\"150\" src=\"https:\/\/www.auxcinephilesdeleau.com\/wp-content\/uploads\/2015\/10\/DSC03625-150x150.jpg\" class=\"attachment-thumbnail size-thumbnail\" alt=\"\" decoding=\"async\" loading=\"lazy\" \/><\/a>\n\t\t\t<\/dt><\/dl><br style=\"clear: both\" \/><dl class='gallery-item'>\n\t\t\t<dt class='gallery-icon landscape'>\n\t\t\t\t<a href='https:\/\/www.auxcinephilesdeleau.com\/?attachment_id=1943'><img width=\"150\" height=\"150\" src=\"https:\/\/www.auxcinephilesdeleau.com\/wp-content\/uploads\/2015\/10\/DSC03644-150x150.jpg\" class=\"attachment-thumbnail size-thumbnail\" alt=\"\" decoding=\"async\" loading=\"lazy\" \/><\/a>\n\t\t\t<\/dt><\/dl><dl class='gallery-item'>\n\t\t\t<dt class='gallery-icon landscape'>\n\t\t\t\t<a href='https:\/\/www.auxcinephilesdeleau.com\/?attachment_id=1942'><img width=\"150\" height=\"150\" src=\"https:\/\/www.auxcinephilesdeleau.com\/wp-content\/uploads\/2015\/10\/DSC03630-150x150.jpg\" class=\"attachment-thumbnail size-thumbnail\" alt=\"\" decoding=\"async\" loading=\"lazy\" \/><\/a>\n\t\t\t<\/dt><\/dl><dl class='gallery-item'>\n\t\t\t<dt class='gallery-icon landscape'>\n\t\t\t\t<a href='https:\/\/www.auxcinephilesdeleau.com\/?attachment_id=1944'><img width=\"150\" height=\"150\" src=\"https:\/\/www.auxcinephilesdeleau.com\/wp-content\/uploads\/2015\/10\/DSC03652-150x150.jpg\" class=\"attachment-thumbnail size-thumbnail\" alt=\"\" decoding=\"async\" loading=\"lazy\" \/><\/a>\n\t\t\t<\/dt><\/dl><br style=\"clear: both\" \/>\n\t\t<\/div>\n\n<p align=\"JUSTIFY\">L&rsquo;envie \u00e9tait bien pr\u00e9sente de faire une projection de films sur les quais, on avait l&#8217;emplacement r\u00eav\u00e9\u00a0! Mais le lendemain de notre arriv\u00e9e \u00e9tait organis\u00e9 un marathon juste devant le bateau, avec barri\u00e8res, grosse musique&#8230; et le sur-lendemain, de la pluie toute la journ\u00e9e. Tant-pis pour la projection, on restera sur une escale festive et touristique, \u00e7a fait du bien aussi\u00a0! Et puis le bilan du moment \u00e9tait de mettre la priorit\u00e9 sur la m\u00e9t\u00e9o, alors quand le temps le permet, on avance vers le sud\u00a0!<\/p>\n<div id=\"attachment_1951\" style=\"width: 650px\" class=\"wp-caption aligncenter\"><a href=\"https:\/\/www.auxcinephilesdeleau.com\/wp-content\/uploads\/2015\/10\/IMG_20151013_154322.jpg\"><img aria-describedby=\"caption-attachment-1951\" decoding=\"async\" loading=\"lazy\" class=\"size-large wp-image-1951\" src=\"https:\/\/www.auxcinephilesdeleau.com\/wp-content\/uploads\/2015\/10\/IMG_20151013_154322-1024x768.jpg\" alt=\"P\u00e9niche\" width=\"640\" height=\"480\" srcset=\"https:\/\/www.auxcinephilesdeleau.com\/wp-content\/uploads\/2015\/10\/IMG_20151013_154322.jpg 1024w, https:\/\/www.auxcinephilesdeleau.com\/wp-content\/uploads\/2015\/10\/IMG_20151013_154322-300x225.jpg 300w, https:\/\/www.auxcinephilesdeleau.com\/wp-content\/uploads\/2015\/10\/IMG_20151013_154322-600x450.jpg 600w\" sizes=\"(max-width: 640px) 100vw, 640px\" \/><\/a><p id=\"caption-attachment-1951\" class=\"wp-caption-text\">P\u00e9niche<\/p><\/div>\n<p align=\"JUSTIFY\">Apr\u00e8s 2 jours et demi \u00e0 Porto puis 28h de navigation, nous sommes arriv\u00e9s \u00e0 P\u00e9niche mercredi dernier. On avait pr\u00e9vu d&rsquo;y passer la nuit et de repartir pour Lisbonne mais on a craqu\u00e9 sur le charme de cet endroit. Et puis y&rsquo;avait pleins de jeunes au ponton, \u00e7a change de tous ces ports o\u00f9 on se sent comme des intrus avec notre bateau bricol\u00e9. Et puis une \u00e9ni\u00e8me d\u00e9pression s&rsquo;annon\u00e7ait et on a pr\u00e9f\u00e9r\u00e9 la passer ici plut\u00f4t qu&rsquo;\u00e0 Lisbonne o\u00f9 le port serait plus cher. Financi\u00e8rement c&rsquo;\u00e9tait s\u00fbrement une bonne id\u00e9e, par contre le port n&rsquo;\u00e9tait pas du tout abrit\u00e9 pour un coup de vent du sud-est et cela nous a valu de vivre une sacr\u00e9 temp\u00eate au port\u00a0! \u00c7a bougeait tellement qu&rsquo;on se croyait en mer, on a eu d&rsquo;\u00e9normes rafales, on avait un bon force 9, y&rsquo;a 4 bateaux qui ont d\u00e9chir\u00e9 leur g\u00e9nois, nous et d&rsquo;autres avons p\u00e9t\u00e9 des amarres, c&rsquo;\u00e9tait compl\u00e8tement incroyable\u00a0! Mais on \u00e9tait heureux de pouvoir vivre un coup de vent amarr\u00e9 dans un port, dans ces cas-l\u00e0 on se sent tout petit face \u00e0 la force de la nature et on flippe moins accroch\u00e9 \u00e0 un ponton\u00a0! J&rsquo;ai pris quelques images de la temp\u00eate mais je ne suis pas s\u00fbre qu&rsquo;on puisse se rendre compte de la situation, sachant que certaines images n&rsquo;ont pas \u00e9t\u00e9 prises quand \u00e7a soufflait le plus. Mais \u00e7a peut tout de m\u00eame vous donner une petite id\u00e9e :<\/p>\n<div style=\"width: 640px;\" class=\"wp-video\"><!--[if lt IE 9]><script>document.createElement('video');<\/script><![endif]-->\n<video class=\"wp-video-shortcode\" id=\"video-1932-1\" width=\"640\" height=\"480\" preload=\"metadata\" controls=\"controls\"><source type=\"video\/mp4\" src=\"https:\/\/www.auxcinephilesdeleau.com\/wp-content\/uploads\/2015\/10\/Sequence-01.mp4?_=1\" \/><a href=\"https:\/\/www.auxcinephilesdeleau.com\/wp-content\/uploads\/2015\/10\/Sequence-01.mp4\">https:\/\/www.auxcinephilesdeleau.com\/wp-content\/uploads\/2015\/10\/Sequence-01.mp4<\/a><\/video><\/div>\n<p align=\"JUSTIFY\">Restant une semaine \u00e0 P\u00e9niche, on avait envie d&rsquo;organiser une projection pour le samedi. A la mairie, ils \u00e9taient r\u00e9ceptifs \u00e0 notre projet mais compl\u00e8tement d\u00e9pass\u00e9s par la comp\u00e9tition de surf (supertubos) qui s&rsquo;organisait dans leur ville le mardi suivant, pas de chance\u00a0! Le d\u00e9lai \u00e9tait donc de nouveau trop court et de toute fa\u00e7on c&rsquo;\u00e9tait sans regret, car la temp\u00eate est arriv\u00e9e le samedi\u00a0!! On nous a malgr\u00e9 tout pr\u00eat\u00e9 une salle pour r\u00e9p\u00e9ter, ce qui n&rsquo;\u00e9tait d\u00e9j\u00e0 pas mal\u00a0! On a embarqu\u00e9 toute la ribambelle de bretons avec nous et on s&rsquo;est improvis\u00e9 des nouveaux num\u00e9ros entre les courts-m\u00e9trages qu&rsquo;on va pouvoir pr\u00e9senter \u00e0 Lisbonne.<\/p>\n<div id=\"attachment_1947\" style=\"width: 650px\" class=\"wp-caption aligncenter\"><a href=\"https:\/\/www.auxcinephilesdeleau.com\/wp-content\/uploads\/2015\/10\/DSC03689.jpg\"><img aria-describedby=\"caption-attachment-1947\" decoding=\"async\" loading=\"lazy\" class=\"wp-image-1947 size-large\" src=\"https:\/\/www.auxcinephilesdeleau.com\/wp-content\/uploads\/2015\/10\/DSC03689-1024x576.jpg\" alt=\"R\u00e9p\u00e9tition dans le centre de P\u00e9niche\" width=\"640\" height=\"360\" srcset=\"https:\/\/www.auxcinephilesdeleau.com\/wp-content\/uploads\/2015\/10\/DSC03689.jpg 1024w, https:\/\/www.auxcinephilesdeleau.com\/wp-content\/uploads\/2015\/10\/DSC03689-300x169.jpg 300w, https:\/\/www.auxcinephilesdeleau.com\/wp-content\/uploads\/2015\/10\/DSC03689-600x338.jpg 600w\" sizes=\"(max-width: 640px) 100vw, 640px\" \/><\/a><p id=\"caption-attachment-1947\" class=\"wp-caption-text\">R\u00e9p\u00e9tition dans le centre de P\u00e9niche<\/p><\/div>\n<p align=\"JUSTIFY\">Gr\u00e2ce \u00e0 Plume (qui a pris contact avec nous apr\u00e8s avoir rencontr\u00e9 John qui a rachet\u00e9 le bateau de Jean-Jacques \u00e0 Pontrieux), une fran\u00e7aise install\u00e9e \u00e0 Lisbonne, on a quelques contacts pour jouer dans des bars de la capitale, il faut qu&rsquo;on assure\u00a0! La m\u00e9t\u00e9o montrait peut-\u00eatre une ouverture possible pour nous rendre \u00e0 Mad\u00e8re mais comme d&rsquo;habitude, nous sommes rattrap\u00e9s par nos envies\u00a0! Notre d\u00e9sir de faire vivre un peu le projet sur notre route est trop fort, l\u00e0 on a des opportunit\u00e9s et 3 bateaux qui nous suivent, on veut en profiter\u00a0! Je me rend bien compte en \u00e9crivant qu&rsquo;on ne fait pas forc\u00e9ment ce que l&rsquo;on dit\u00a0! On prend de sages r\u00e9solutions (r\u00e9duire la voilure du projet, suivre prioritairement la m\u00e9t\u00e9o), on parle de se recentrer sur nous-m\u00eame et on se retrouve avec 7 nouvelles personnes et 3 bateaux\u00a0! Mais on reste dans la simplicit\u00e9 et l&rsquo;\u00e9nergie de groupe, gardons ce qu&rsquo;il y a de positif dans le collectif\u00a0! De plus, c&rsquo;est du temporaire et chacun reste tr\u00e8s ind\u00e9pendant, \u00e7a facilite l&rsquo;organisation.<\/p>\n<p align=\"JUSTIFY\">Depuis la r\u00e9daction de ce message, nous sommes arriv\u00e9s \u00e0 Lisbonne, d&rsquo;abord au mouillage \u00e0 Cascais puis \u00e0 Alcantara, o\u00f9 l&rsquo;on a de nouveau d\u00e9cid\u00e9 de squatter un quai car nos tentatives de n\u00e9gociations avec les ports portugais se sont av\u00e9r\u00e9es totalement infructueuses ! La vie en voilier, \u00e7a co\u00fbte cher si l&rsquo;on veut le confort d&rsquo;un port, \u00e7a plait pas des masses \u00e0 nos petites finances alors quand on peut, on fait les pirates ! On joue ce soir dans un lieu collectif alternatif qui s&rsquo;appelle RDA, dans le quartier Alfama, et pour descendre le matos du bateau pour aller jouer, il nous fallait mieux un quai pas trop loin du centre, et l&rsquo;a trouv\u00e9. Lisbonne sera notre derni\u00e8re escale avant de nous rendre sur l&rsquo;\u00eele de Mad\u00e8re, mais savoir quand une belle fen\u00eatre m\u00e9t\u00e9o s&rsquo;offrira \u00e0 nous, \u00e7a, on ne peut le dire. Patience !<\/p>\n<p align=\"JUSTIFY\">A bient\u00f4t !<\/p>\n<p align=\"JUSTIFY\">Pauline et toute la famille Cin\u00e9 SearCus comme dirait Noanne !<\/p>\n","protected":false},"excerpt":{"rendered":"<p>Bonjour \u00e0 tous, vu la fin de mon dernier message, je me suis vue dans l&rsquo;obligation de continuer mes r\u00e9flexions sur Cin\u00e9 SearCus et son avenir\u00a0! Comme tout projet collectif, et qui plus est en voilier, son avenir est bien &hellip; <a href=\"https:\/\/www.auxcinephilesdeleau.com\/?p=1932\">Continuer la lecture <span class=\"meta-nav\">&rarr;<\/span><\/a><\/p>\n","protected":false},"author":3,"featured_media":0,"comment_status":"open","ping_status":"open","sticky":false,"template":"","format":"standard","meta":{"_mi_skip_tracking":false,"_monsterinsights_sitenote_active":false,"_monsterinsights_sitenote_note":"","_monsterinsights_sitenote_category":0,"footnotes":""},"categories":[16],"tags":[],"_links":{"self":[{"href":"https:\/\/www.auxcinephilesdeleau.com\/index.php?rest_route=\/wp\/v2\/posts\/1932"}],"collection":[{"href":"https:\/\/www.auxcinephilesdeleau.com\/index.php?rest_route=\/wp\/v2\/posts"}],"about":[{"href":"https:\/\/www.auxcinephilesdeleau.com\/index.php?rest_route=\/wp\/v2\/types\/post"}],"author":[{"embeddable":true,"href":"https:\/\/www.auxcinephilesdeleau.com\/index.php?rest_route=\/wp\/v2\/users\/3"}],"replies":[{"embeddable":true,"href":"https:\/\/www.auxcinephilesdeleau.com\/index.php?rest_route=%2Fwp%2Fv2%2Fcomments&post=1932"}],"version-history":[{"count":5,"href":"https:\/\/www.auxcinephilesdeleau.com\/index.php?rest_route=\/wp\/v2\/posts\/1932\/revisions"}],"predecessor-version":[{"id":1960,"href":"https:\/\/www.auxcinephilesdeleau.com\/index.php?rest_route=\/wp\/v2\/posts\/1932\/revisions\/1960"}],"wp:attachment":[{"href":"https:\/\/www.auxcinephilesdeleau.com\/index.php?rest_route=%2Fwp%2Fv2%2Fmedia&parent=1932"}],"wp:term":[{"taxonomy":"category","embeddable":true,"href":"https:\/\/www.auxcinephilesdeleau.com\/index.php?rest_route=%2Fwp%2Fv2%2Fcategories&post=1932"},{"taxonomy":"post_tag","embeddable":true,"href":"https:\/\/www.auxcinephilesdeleau.com\/index.php?rest_route=%2Fwp%2Fv2%2Ftags&post=1932"}],"curies":[{"name":"wp","href":"https:\/\/api.w.org\/{rel}","templated":true}]}}