{"id":2528,"date":"2016-11-29T14:37:51","date_gmt":"2016-11-29T13:37:51","guid":{"rendered":"http:\/\/www.auxcinephilesdeleau.com\/?p=2528"},"modified":"2017-01-06T03:43:50","modified_gmt":"2017-01-06T02:43:50","slug":"bien-arrives-au-senegal","status":"publish","type":"post","link":"https:\/\/www.auxcinephilesdeleau.com\/?p=2528","title":{"rendered":"Bien arriv\u00e9s au S\u00e9n\u00e9gal !!"},"content":{"rendered":"<p>Salam Alekoum !<\/p>\n<p>Un peu plus d&rsquo;un mois d&rsquo;absence sur la toile, et nous voil\u00e0 arriv\u00e9s au S\u00e9n\u00e9gal !!<\/p>\n<div id=\"attachment_2555\" style=\"width: 650px\" class=\"wp-caption aligncenter\"><a href=\"https:\/\/www.auxcinephilesdeleau.com\/?attachment_id=2555\" rel=\"attachment wp-att-2555\"><img aria-describedby=\"caption-attachment-2555\" decoding=\"async\" loading=\"lazy\" class=\"wp-image-2555 size-large\" src=\"https:\/\/www.auxcinephilesdeleau.com\/wp-content\/uploads\/2016\/11\/DSC01477-1024x683.jpg\" alt=\"dsc01477\" width=\"640\" height=\"427\" srcset=\"https:\/\/www.auxcinephilesdeleau.com\/wp-content\/uploads\/2016\/11\/DSC01477-1024x683.jpg 1024w, https:\/\/www.auxcinephilesdeleau.com\/wp-content\/uploads\/2016\/11\/DSC01477-300x200.jpg 300w, https:\/\/www.auxcinephilesdeleau.com\/wp-content\/uploads\/2016\/11\/DSC01477-768x512.jpg 768w, https:\/\/www.auxcinephilesdeleau.com\/wp-content\/uploads\/2016\/11\/DSC01477-600x400.jpg 600w\" sizes=\"(max-width: 640px) 100vw, 640px\" \/><\/a><p id=\"caption-attachment-2555\" class=\"wp-caption-text\">Dominao au mouillage \u00e0 Dakar<\/p><\/div>\n<p>Olala on n&rsquo;a pas l&rsquo;habitude d&rsquo;aller aussi vite. Depuis mon dernier message, nous avons fait deux grandes navigations, changer d&rsquo;\u00eele, puis de continent, quelle \u00e9tape\u00a0! Nous sommes sur la terre africaine depuis une semaine, donc encore en adaptation&#8230; Alors plut\u00f4t que de vous parler de notre escale dakaroise, je vais revenir d&rsquo;abord l\u00e0 o\u00f9 je vous ai laiss\u00e9\u00a0: \u00e0 Porto-Santo.<\/p>\n<div id=\"attachment_2553\" style=\"width: 650px\" class=\"wp-caption aligncenter\"><a href=\"https:\/\/www.auxcinephilesdeleau.com\/?attachment_id=2553\" rel=\"attachment wp-att-2553\"><img aria-describedby=\"caption-attachment-2553\" decoding=\"async\" loading=\"lazy\" class=\"size-large wp-image-2553\" src=\"https:\/\/www.auxcinephilesdeleau.com\/wp-content\/uploads\/2016\/11\/DSC01464-1024x681.jpg\" alt=\"D\u00e9barquement en annexe pour les premiers pas sur la terre africaine !\" width=\"640\" height=\"426\" srcset=\"https:\/\/www.auxcinephilesdeleau.com\/wp-content\/uploads\/2016\/11\/DSC01464-1024x681.jpg 1024w, https:\/\/www.auxcinephilesdeleau.com\/wp-content\/uploads\/2016\/11\/DSC01464-300x200.jpg 300w, https:\/\/www.auxcinephilesdeleau.com\/wp-content\/uploads\/2016\/11\/DSC01464-768x511.jpg 768w, https:\/\/www.auxcinephilesdeleau.com\/wp-content\/uploads\/2016\/11\/DSC01464-600x399.jpg 600w\" sizes=\"(max-width: 640px) 100vw, 640px\" \/><\/a><p id=\"caption-attachment-2553\" class=\"wp-caption-text\">D\u00e9barquement en annexe pour les premiers pas sur la terre africaine !<\/p><\/div>\n<p>Premi\u00e8re grande \u00e9tape pour Dominao\u00a0: quitter Porto-Santo apr\u00e8s y \u00eatre rest\u00e9 6 mois, quand m\u00eame\u00a0! On a essuy\u00e9 deux temp\u00eates, certes au port mais \u00e7a bougeait beaucoup, on se sentait comme au mouillage avec le grincement incessant des aussi\u00e8res en plus, \u00e7a donnait\u00a0! Et les pare-battages qui grin\u00e7aient contre le quai, \u00e7a faisait un tel bruit dans notre cabine \u00e0 l&rsquo;avant que \u00e7a me r\u00e9veillait la nuit (moi, pas le capitaine qui, \u00e0 quai, arrive \u00e0 dormir sur ses deux oreilles !). Pour vous dire que \u00e7a soufflait tr\u00e8s tr\u00e8s fort, le ponton s&rsquo;est cass\u00e9 \u00e0 certains endroits, des aussi\u00e8res ont l\u00e2ch\u00e9es, des taquets ont p\u00e9t\u00e9&#8230; On a tout de m\u00eame r\u00e9ussi de temps en temps \u00e0 trouver de petites accalmies pour sortir un peu, piquer une t\u00eate dans cette eau turquoise magnifique qu&rsquo;on est pas pr\u00eat d&rsquo;oublier&#8230;<\/p>\n<div id=\"attachment_2530\" style=\"width: 487px\" class=\"wp-caption aligncenter\"><a href=\"https:\/\/www.auxcinephilesdeleau.com\/?attachment_id=2530\" rel=\"attachment wp-att-2530\"><img aria-describedby=\"caption-attachment-2530\" decoding=\"async\" loading=\"lazy\" class=\"wp-image-2530 \" src=\"https:\/\/www.auxcinephilesdeleau.com\/wp-content\/uploads\/2016\/11\/DSC01317-300x169.jpg\" alt=\"dsc01317\" width=\"477\" height=\"268\" srcset=\"https:\/\/www.auxcinephilesdeleau.com\/wp-content\/uploads\/2016\/11\/DSC01317-300x169.jpg 300w, https:\/\/www.auxcinephilesdeleau.com\/wp-content\/uploads\/2016\/11\/DSC01317-768x432.jpg 768w, https:\/\/www.auxcinephilesdeleau.com\/wp-content\/uploads\/2016\/11\/DSC01317-1024x576.jpg 1024w, https:\/\/www.auxcinephilesdeleau.com\/wp-content\/uploads\/2016\/11\/DSC01317-600x337.jpg 600w\" sizes=\"(max-width: 477px) 100vw, 477px\" \/><\/a><p id=\"caption-attachment-2530\" class=\"wp-caption-text\">Titouan et la p\u00eache, son activit\u00e9 favorite !<\/p><\/div>\n<p><a href=\"https:\/\/www.auxcinephilesdeleau.com\/?attachment_id=2562\" rel=\"attachment wp-att-2562\"><img decoding=\"async\" loading=\"lazy\" class=\"alignleft size-medium wp-image-2562\" src=\"https:\/\/www.auxcinephilesdeleau.com\/wp-content\/uploads\/2016\/11\/IMG_9339-200x300.jpg\" alt=\"img_9339\" width=\"200\" height=\"300\" srcset=\"https:\/\/www.auxcinephilesdeleau.com\/wp-content\/uploads\/2016\/11\/IMG_9339-200x300.jpg 200w, https:\/\/www.auxcinephilesdeleau.com\/wp-content\/uploads\/2016\/11\/IMG_9339-768x1152.jpg 768w, https:\/\/www.auxcinephilesdeleau.com\/wp-content\/uploads\/2016\/11\/IMG_9339-683x1024.jpg 683w, https:\/\/www.auxcinephilesdeleau.com\/wp-content\/uploads\/2016\/11\/IMG_9339-600x900.jpg 600w\" sizes=\"(max-width: 200px) 100vw, 200px\" \/><\/a>On a aussi f\u00eat\u00e9 les 3 ans de Titouan, bien heureux de les f\u00eater ici, au m\u00eame endroit o\u00f9 l&rsquo;on avait f\u00eat\u00e9 les 5 ans de Noanne quelques mois plus t\u00f4t. Titouan a pass\u00e9 une superbe journ\u00e9e, il \u00e9tait trop fier de devenir \u00ab\u00a0grand\u00a0\u00bb ! Pour son anniv, son papa lui a refait sa canne \u00e0 p\u00eache \u00e0 neuf (il lui avait offert de retour de France mais le moulinet avait cass\u00e9), il a donc \u00e9t\u00e9 p\u00each\u00e9 le matin mais bien qu&rsquo;il ait eu 3 ans, il est encore petit pour trouver la patience de p\u00eacher tr\u00e8s longtemps&#8230; On a donc pas eu de poissons et je suis all\u00e9e acheter des dorades de Mad\u00e8re pour le repas !! On a fait le traditionnel g\u00e2teau d&rsquo;anniversaire avec d&rsquo;autres personnes du ponton, qui lui ont offert des petits cadeaux, Titouan \u00e9tait bien content, \u00ab\u00a0c&rsquo;\u00e9tait la f\u00eate\u00a0\u00bb. <a href=\"https:\/\/www.auxcinephilesdeleau.com\/?attachment_id=2531\" rel=\"attachment wp-att-2531\"><img decoding=\"async\" loading=\"lazy\" class=\"alignright size-medium wp-image-2531\" src=\"https:\/\/www.auxcinephilesdeleau.com\/wp-content\/uploads\/2016\/11\/DSC01329-300x199.jpg\" alt=\"dsc01329\" width=\"300\" height=\"199\" srcset=\"https:\/\/www.auxcinephilesdeleau.com\/wp-content\/uploads\/2016\/11\/DSC01329-300x199.jpg 300w, https:\/\/www.auxcinephilesdeleau.com\/wp-content\/uploads\/2016\/11\/DSC01329-768x511.jpg 768w, https:\/\/www.auxcinephilesdeleau.com\/wp-content\/uploads\/2016\/11\/DSC01329-1024x681.jpg 1024w, https:\/\/www.auxcinephilesdeleau.com\/wp-content\/uploads\/2016\/11\/DSC01329-600x399.jpg 600w\" sizes=\"(max-width: 300px) 100vw, 300px\" \/><\/a><\/p>\n<p>Avant cela Titouan avait fait deux jours de fi\u00e8vre, puis c&rsquo;\u00e9tait au tour de Noanne (la r\u00e9adaptation !). On a donc repouss\u00e9 le d\u00e9part de quelques jours et nous sommes partis le lundi soir du 31 octobre. Juste avant de partir, on a vu arriver Paul, un copain retrouv\u00e9 en Bretagne cet \u00e9t\u00e9 qui faisait du bateau stop, super zicos avec qui Yann aurait eu plaisir \u00e0 jouer mais voil\u00e0, un moment, il faut partir\u00a0! On se passe le relais avec Paul avec qui on a juste le temps de se faire une bise et nous partons pour Santa Cruz de T\u00e9n\u00e9rife.<\/p>\n<p><a href=\"https:\/\/www.auxcinephilesdeleau.com\/?attachment_id=2561\" rel=\"attachment wp-att-2561\"><img decoding=\"async\" loading=\"lazy\" class=\"aligncenter size-large wp-image-2561\" src=\"https:\/\/www.auxcinephilesdeleau.com\/wp-content\/uploads\/2016\/11\/enfantsYann-en-nav-1024x576.jpg\" alt=\"enfantsyann-en-nav\" width=\"640\" height=\"360\" srcset=\"https:\/\/www.auxcinephilesdeleau.com\/wp-content\/uploads\/2016\/11\/enfantsYann-en-nav-1024x576.jpg 1024w, https:\/\/www.auxcinephilesdeleau.com\/wp-content\/uploads\/2016\/11\/enfantsYann-en-nav-300x169.jpg 300w, https:\/\/www.auxcinephilesdeleau.com\/wp-content\/uploads\/2016\/11\/enfantsYann-en-nav-768x432.jpg 768w, https:\/\/www.auxcinephilesdeleau.com\/wp-content\/uploads\/2016\/11\/enfantsYann-en-nav-600x337.jpg 600w\" sizes=\"(max-width: 640px) 100vw, 640px\" \/><\/a><a href=\"https:\/\/www.auxcinephilesdeleau.com\/?attachment_id=2532\" rel=\"attachment wp-att-2532\"><img decoding=\"async\" loading=\"lazy\" class=\"alignright wp-image-2532 size-medium\" src=\"https:\/\/www.auxcinephilesdeleau.com\/wp-content\/uploads\/2016\/11\/DSC01336-300x169.jpg\" alt=\"dsc01336\" width=\"300\" height=\"169\" srcset=\"https:\/\/www.auxcinephilesdeleau.com\/wp-content\/uploads\/2016\/11\/DSC01336-300x169.jpg 300w, https:\/\/www.auxcinephilesdeleau.com\/wp-content\/uploads\/2016\/11\/DSC01336-768x432.jpg 768w, https:\/\/www.auxcinephilesdeleau.com\/wp-content\/uploads\/2016\/11\/DSC01336-1024x576.jpg 1024w, https:\/\/www.auxcinephilesdeleau.com\/wp-content\/uploads\/2016\/11\/DSC01336-600x337.jpg 600w\" sizes=\"(max-width: 300px) 100vw, 300px\" \/><\/a>Nous passerons trois jours de navigation hyper tranquille, un peu trop par moment car nous devons mettre le moteur mais pour la premi\u00e8re nav de nos \u00e9quipiers Orzonie et Luc, c&rsquo;est parfait\u00a0! <a href=\"https:\/\/www.auxcinephilesdeleau.com\/?attachment_id=2533\" rel=\"attachment wp-att-2533\"><img decoding=\"async\" loading=\"lazy\" class=\"alignleft size-medium wp-image-2533\" src=\"https:\/\/www.auxcinephilesdeleau.com\/wp-content\/uploads\/2016\/11\/DSC01346-300x169.jpg\" alt=\"dsc01346\" width=\"300\" height=\"169\" srcset=\"https:\/\/www.auxcinephilesdeleau.com\/wp-content\/uploads\/2016\/11\/DSC01346-300x169.jpg 300w, https:\/\/www.auxcinephilesdeleau.com\/wp-content\/uploads\/2016\/11\/DSC01346-768x432.jpg 768w, https:\/\/www.auxcinephilesdeleau.com\/wp-content\/uploads\/2016\/11\/DSC01346-1024x576.jpg 1024w, https:\/\/www.auxcinephilesdeleau.com\/wp-content\/uploads\/2016\/11\/DSC01346-600x337.jpg 600w\" sizes=\"(max-width: 300px) 100vw, 300px\" \/><\/a>Je suis surprise cette fois de ma rapidit\u00e9 d&rsquo;adaptation, je me f\u00e9licite de me sentir bien. J&rsquo;appr\u00e9cie \u00eatre en mer, ce qui n&rsquo;est pas toujours le cas pour ma part, ce n&rsquo;est souvent pas mes meilleurs moments de voyage lorsque je passe par des moments d&rsquo;anxi\u00e9t\u00e9, de ballonnements, d&rsquo;\u00e9nervement avec les enfants qui me l\u00e2chent pas&#8230; Mais l\u00e0, les enfants prennent de plus en plus leur ind\u00e9pendance, s&rsquo;occupe sans trop demander de dessins anim\u00e9s, et moi je fais des quarts de nuit sous un ciel \u00e9toil\u00e9, chantant seule sur le pont, le pied\u00a0! Je suis pas seule au monde mais pour moi, c&rsquo;est comme si car seule r\u00e9veill\u00e9e sur mon bateau, \u00e7a ne m&rsquo;arrive pas si souvent au final\u00a0!<\/p>\n<div id=\"attachment_2534\" style=\"width: 310px\" class=\"wp-caption aligncenter\"><a href=\"https:\/\/www.auxcinephilesdeleau.com\/?attachment_id=2534\" rel=\"attachment wp-att-2534\"><img aria-describedby=\"caption-attachment-2534\" decoding=\"async\" loading=\"lazy\" class=\"wp-image-2534 size-medium\" src=\"https:\/\/www.auxcinephilesdeleau.com\/wp-content\/uploads\/2016\/11\/DSC01348-300x169.jpg\" alt=\"Arriv\u00e9e \u00e0 l'\u00eele Selvagens\" width=\"300\" height=\"169\" srcset=\"https:\/\/www.auxcinephilesdeleau.com\/wp-content\/uploads\/2016\/11\/DSC01348-300x169.jpg 300w, https:\/\/www.auxcinephilesdeleau.com\/wp-content\/uploads\/2016\/11\/DSC01348-768x432.jpg 768w, https:\/\/www.auxcinephilesdeleau.com\/wp-content\/uploads\/2016\/11\/DSC01348-1024x576.jpg 1024w, https:\/\/www.auxcinephilesdeleau.com\/wp-content\/uploads\/2016\/11\/DSC01348-600x337.jpg 600w\" sizes=\"(max-width: 300px) 100vw, 300px\" \/><\/a><p id=\"caption-attachment-2534\" class=\"wp-caption-text\">Arriv\u00e9e aux \u00eeles Selvagens<\/p><\/div>\n<p>Gr\u00e2ce \u00e0 cette m\u00e9t\u00e9o cl\u00e9mente, nous avons fait le tour des \u00eeles Salvagens qui se trouvaient sur notre route. En plein milieu de l&rsquo;Atlantique, pouvoir \u00ab\u00a0tomber\u00a0\u00bb sur une \u00eele d\u00e9serte (r\u00e9serve naturelle avec 2 gardiens en guise d&rsquo;habitants), c&rsquo;est magnifique\u00a0! D&rsquo;autant que le temps (le soleil comme la mer) \u00e9tait de la partie, on a v\u00e9cu un beau moment.<\/p>\n<p><a href=\"https:\/\/www.auxcinephilesdeleau.com\/?attachment_id=2535\" rel=\"attachment wp-att-2535\"><img decoding=\"async\" loading=\"lazy\" class=\"alignnone wp-image-2535\" src=\"https:\/\/www.auxcinephilesdeleau.com\/wp-content\/uploads\/2016\/11\/DSC01353-300x169.jpg\" alt=\"dsc01353\" width=\"319\" height=\"180\" srcset=\"https:\/\/www.auxcinephilesdeleau.com\/wp-content\/uploads\/2016\/11\/DSC01353-300x169.jpg 300w, https:\/\/www.auxcinephilesdeleau.com\/wp-content\/uploads\/2016\/11\/DSC01353-768x432.jpg 768w, https:\/\/www.auxcinephilesdeleau.com\/wp-content\/uploads\/2016\/11\/DSC01353-1024x576.jpg 1024w, https:\/\/www.auxcinephilesdeleau.com\/wp-content\/uploads\/2016\/11\/DSC01353-600x337.jpg 600w\" sizes=\"(max-width: 319px) 100vw, 319px\" \/><\/a><a href=\"https:\/\/www.auxcinephilesdeleau.com\/?attachment_id=2536\" rel=\"attachment wp-att-2536\"><img decoding=\"async\" loading=\"lazy\" class=\"alignnone wp-image-2536\" src=\"https:\/\/www.auxcinephilesdeleau.com\/wp-content\/uploads\/2016\/11\/DSC01358-300x169.jpg\" alt=\"dsc01358\" width=\"320\" height=\"180\" srcset=\"https:\/\/www.auxcinephilesdeleau.com\/wp-content\/uploads\/2016\/11\/DSC01358-300x169.jpg 300w, https:\/\/www.auxcinephilesdeleau.com\/wp-content\/uploads\/2016\/11\/DSC01358-768x432.jpg 768w, https:\/\/www.auxcinephilesdeleau.com\/wp-content\/uploads\/2016\/11\/DSC01358-1024x576.jpg 1024w, https:\/\/www.auxcinephilesdeleau.com\/wp-content\/uploads\/2016\/11\/DSC01358-600x337.jpg 600w\" sizes=\"(max-width: 320px) 100vw, 320px\" \/><\/a><\/p>\n<p>A notre arriv\u00e9e sur l&rsquo;\u00eele de T\u00e9n\u00e9rife, on voit un bateau au loin qui se trouve \u00eatre \u00ab\u00a0la vie en rose\u00a0\u00bb, un voilier rencontr\u00e9 \u00e0 Quinta de Lorde avec qui ont avait bien sympathis\u00e9 (surtout Noanne qui s&rsquo;\u00e9tait magnifiquement bien entendue avec leur fille Rosalie). Mais quel incroyable hasard\u00a0! On devait aller \u00e0 Las Palmas des Grandes Canaries, eux \u00e9taient partis sur l&rsquo;\u00eele de La Palma, et nous voil\u00e0 de nouveau r\u00e9unis \u00e0 T\u00e9n\u00e9rife\u00a0! On ne s&rsquo;\u00e9tait pas contact\u00e9 par internet, on pensait bien que nos chemins se recroiseraient mais pas si vite\u00a0! C&rsquo;est la beaut\u00e9 de la vie de voyage, en tout cas \u00e7a a aiguill\u00e9 notre arriv\u00e9e dans cet \u00e9norme port&#8230;.<\/p>\n<p><a href=\"https:\/\/www.auxcinephilesdeleau.com\/?attachment_id=2529\" rel=\"attachment wp-att-2529\"><img decoding=\"async\" loading=\"lazy\" class=\"alignnone wp-image-2529\" src=\"https:\/\/www.auxcinephilesdeleau.com\/wp-content\/uploads\/2016\/11\/arrive\u0301e-tenerife-1-200x300.jpg\" alt=\"arrivee-tenerife\" width=\"174\" height=\"261\" srcset=\"https:\/\/www.auxcinephilesdeleau.com\/wp-content\/uploads\/2016\/11\/arrive\u0301e-tenerife-1-200x300.jpg 200w, https:\/\/www.auxcinephilesdeleau.com\/wp-content\/uploads\/2016\/11\/arrive\u0301e-tenerife-1-768x1153.jpg 768w, https:\/\/www.auxcinephilesdeleau.com\/wp-content\/uploads\/2016\/11\/arrive\u0301e-tenerife-1-682x1024.jpg 682w, https:\/\/www.auxcinephilesdeleau.com\/wp-content\/uploads\/2016\/11\/arrive\u0301e-tenerife-1-600x901.jpg 600w\" sizes=\"(max-width: 174px) 100vw, 174px\" \/><\/a><a href=\"https:\/\/www.auxcinephilesdeleau.com\/?attachment_id=2538\" rel=\"attachment wp-att-2538\"><img decoding=\"async\" loading=\"lazy\" class=\"alignnone wp-image-2538\" src=\"https:\/\/www.auxcinephilesdeleau.com\/wp-content\/uploads\/2016\/11\/DSC01375-300x169.jpg\" alt=\"dsc01375\" width=\"463\" height=\"261\" srcset=\"https:\/\/www.auxcinephilesdeleau.com\/wp-content\/uploads\/2016\/11\/DSC01375-300x169.jpg 300w, https:\/\/www.auxcinephilesdeleau.com\/wp-content\/uploads\/2016\/11\/DSC01375-768x432.jpg 768w, https:\/\/www.auxcinephilesdeleau.com\/wp-content\/uploads\/2016\/11\/DSC01375-1024x576.jpg 1024w, https:\/\/www.auxcinephilesdeleau.com\/wp-content\/uploads\/2016\/11\/DSC01375-600x337.jpg 600w\" sizes=\"(max-width: 463px) 100vw, 463px\" \/><\/a><a href=\"https:\/\/www.auxcinephilesdeleau.com\/?attachment_id=2538\" rel=\"attachment wp-att-2538\"> Arriv\u00e9e \u00e0 T\u00e9n\u00e9rife et retrouvaille avec \u00ab\u00a0la vie en rose\u00a0\u00bb<\/a><\/p>\n<p>&nbsp;<\/p>\n<div id=\"attachment_2541\" style=\"width: 310px\" class=\"wp-caption alignleft\"><a href=\"https:\/\/www.auxcinephilesdeleau.com\/?attachment_id=2541\" rel=\"attachment wp-att-2541\"><img aria-describedby=\"caption-attachment-2541\" decoding=\"async\" loading=\"lazy\" class=\"size-medium wp-image-2541\" src=\"https:\/\/www.auxcinephilesdeleau.com\/wp-content\/uploads\/2016\/11\/DSC01395-300x169.jpg\" alt=\"Ap\u00e9ro sur le quai qui s'est fini sur Dominao apr\u00e8s s'\u00eatre fait vir\u00e9 par les flics, ambiance !\" width=\"300\" height=\"169\" srcset=\"https:\/\/www.auxcinephilesdeleau.com\/wp-content\/uploads\/2016\/11\/DSC01395-300x169.jpg 300w, https:\/\/www.auxcinephilesdeleau.com\/wp-content\/uploads\/2016\/11\/DSC01395-768x432.jpg 768w, https:\/\/www.auxcinephilesdeleau.com\/wp-content\/uploads\/2016\/11\/DSC01395-1024x576.jpg 1024w, https:\/\/www.auxcinephilesdeleau.com\/wp-content\/uploads\/2016\/11\/DSC01395-600x337.jpg 600w\" sizes=\"(max-width: 300px) 100vw, 300px\" \/><\/a><p id=\"caption-attachment-2541\" class=\"wp-caption-text\">Ap\u00e9ro sur le quai qui s&rsquo;est fini sur Dominao apr\u00e8s s&rsquo;\u00eatre fait vir\u00e9 par les flics, ambiance !<\/p><\/div>\n<p>Notre second passage aux Canaries aura \u00e9t\u00e9 furtif, 10 jours, et ne restera pas dans nos annales&#8230; La marina de Santa Cruz de T\u00e9n\u00e9rife ne nous aura pas plu, sp\u00e9cialement la femme qui g\u00e8re le port, une personne hautaine qui s&rsquo;occupe de la marina comme d&rsquo;une pompe \u00e0 fric. Elle s&rsquo;est montr\u00e9e m\u00e9prisante \u00e0 l&rsquo;\u00e9gard de notre projet, nous interdisant de faire notre spectacle, pr\u00e9textant que nous faisions \u00ab\u00a0notre business\u00a0\u00bb en passant le chapeau\u00a0! <a href=\"https:\/\/www.auxcinephilesdeleau.com\/?attachment_id=2520\" rel=\"attachment wp-att-2520\"><img decoding=\"async\" loading=\"lazy\" class=\"alignright wp-image-2520 size-medium\" src=\"https:\/\/www.auxcinephilesdeleau.com\/wp-content\/uploads\/2016\/11\/IMG_9503-200x300.jpg\" alt=\"img_9503\" width=\"200\" height=\"300\" srcset=\"https:\/\/www.auxcinephilesdeleau.com\/wp-content\/uploads\/2016\/11\/IMG_9503-200x300.jpg 200w, https:\/\/www.auxcinephilesdeleau.com\/wp-content\/uploads\/2016\/11\/IMG_9503.jpg 683w, https:\/\/www.auxcinephilesdeleau.com\/wp-content\/uploads\/2016\/11\/IMG_9503-600x900.jpg 600w\" sizes=\"(max-width: 200px) 100vw, 200px\" \/><\/a>Pourtant, pendant notre s\u00e9jour, le port \u00e9tait bond\u00e9 car il recevait notamment l&rsquo;Atlantic Odyss\u00e9e, une r\u00e9gate un peu comme l&rsquo;Arc mais en plus petit et plus familiale (cr\u00e9e par la fille de Jimmy Cornell), et l&rsquo;organisation \u00e9tait int\u00e9ress\u00e9e par notre animation. On avait m\u00eame rencontr\u00e9 plusieurs parents tr\u00e8s enthousiastes \u00e0 l&rsquo;id\u00e9e de d\u00e9couvrir notre spectacle. On a donc forc\u00e9ment \u00e9t\u00e9 d\u00e9\u00e7u, surtout qu&rsquo;il \u00e9tait temps pour nous de refaire notre spectacle apr\u00e8s notre pause en France. De notre c\u00f4t\u00e9 on avait fait de belles rencontres avec qui on aurait aim\u00e9 partager Cin\u00e9-SearCus, tant pis&#8230; \u00e7a nous a motiv\u00e9 \u00e0 partir vite, c&rsquo;\u00e9tait un mal pour un bien\u00a0!<\/p>\n<p>&nbsp;<\/p>\n<p><a href=\"https:\/\/www.auxcinephilesdeleau.com\/?attachment_id=2540\" rel=\"attachment wp-att-2540\"><img decoding=\"async\" loading=\"lazy\" class=\"alignnone wp-image-2540\" src=\"https:\/\/www.auxcinephilesdeleau.com\/wp-content\/uploads\/2016\/11\/DSC01389-300x169.jpg\" alt=\"dsc01389\" width=\"343\" height=\"193\" srcset=\"https:\/\/www.auxcinephilesdeleau.com\/wp-content\/uploads\/2016\/11\/DSC01389-300x169.jpg 300w, https:\/\/www.auxcinephilesdeleau.com\/wp-content\/uploads\/2016\/11\/DSC01389-768x432.jpg 768w, https:\/\/www.auxcinephilesdeleau.com\/wp-content\/uploads\/2016\/11\/DSC01389-1024x576.jpg 1024w, https:\/\/www.auxcinephilesdeleau.com\/wp-content\/uploads\/2016\/11\/DSC01389-600x337.jpg 600w\" sizes=\"(max-width: 343px) 100vw, 343px\" \/><\/a><a href=\"https:\/\/www.auxcinephilesdeleau.com\/?attachment_id=2539\" rel=\"attachment wp-att-2539\"><img decoding=\"async\" loading=\"lazy\" class=\"alignnone wp-image-2539\" src=\"https:\/\/www.auxcinephilesdeleau.com\/wp-content\/uploads\/2016\/11\/DSC01380-300x200.jpg\" alt=\"dsc01380\" width=\"291\" height=\"194\" srcset=\"https:\/\/www.auxcinephilesdeleau.com\/wp-content\/uploads\/2016\/11\/DSC01380-300x200.jpg 300w, https:\/\/www.auxcinephilesdeleau.com\/wp-content\/uploads\/2016\/11\/DSC01380-768x512.jpg 768w, https:\/\/www.auxcinephilesdeleau.com\/wp-content\/uploads\/2016\/11\/DSC01380-1024x683.jpg 1024w, https:\/\/www.auxcinephilesdeleau.com\/wp-content\/uploads\/2016\/11\/DSC01380-600x400.jpg 600w\" sizes=\"(max-width: 291px) 100vw, 291px\" \/>Rapide visite de l&rsquo;\u00eele o\u00f9 l&rsquo;on a vu un dragonnier mill\u00e9naire \u00e0 Icod de Los Vinos<\/a><\/p>\n<p>&nbsp;<\/p>\n<p>La m\u00e9t\u00e9o s&rsquo;annon\u00e7ait tr\u00e8s calme, l&rsquo;h\u00e9sitation \u00e9tait de nouveau grandissante, de peur de faire trop de moteur. 2 ou 3 jours \u00e9taient annonc\u00e9s sans trop de vent, mais on pr\u00e9f\u00e8rait passer quelques jours de plus en mer qu&rsquo;au port de Santa Cruz\u00a0! On pr\u00e9voyait donc 10 jours de navigation plut\u00f4t que 8 (pour environ 900 milles) mais la nouveaut\u00e9 de cette travers\u00e9e est que nous avons un t\u00e9l\u00e9phone satellite donc la possibilit\u00e9 d&rsquo;avoir la m\u00e9t\u00e9o en mer, la classe\u00a0!! On a trouv\u00e9 un bon plan gr\u00e2ce \u00e0 Benji de Nikola\u00efskai qui en avait un \u00e0 son bord. Ce n&rsquo;est pas un t\u00e9l\u00e9phone iridium qui co\u00fbte hyper cher mais un Inreach Delorme, on ne peut passer que des sms avec mais cela nous permet d&rsquo;\u00eatre reli\u00e9 au r\u00e9seau satellite partout sur le globe (sans nous ruiner pour autant), et la personne \u00e0 qui on envoie un sms peut nous r\u00e9pondre et nous donner la m\u00e9t\u00e9o. On a jet\u00e9 notre d\u00e9volue sur Ludo, le parrain de Titouan, qui nous a rout\u00e9 du port de Pontrieux, alors au passage on le remercie grandement, \u00e7a rassure d&rsquo;\u00eatre suivi\u00a0!<\/p>\n<p><a href=\"https:\/\/www.auxcinephilesdeleau.com\/?attachment_id=2542\" rel=\"attachment wp-att-2542\"><img decoding=\"async\" loading=\"lazy\" class=\"alignnone wp-image-2542\" src=\"https:\/\/www.auxcinephilesdeleau.com\/wp-content\/uploads\/2016\/11\/DSC01399-300x200.jpg\" alt=\"dsc01399\" width=\"311\" height=\"207\" srcset=\"https:\/\/www.auxcinephilesdeleau.com\/wp-content\/uploads\/2016\/11\/DSC01399-300x200.jpg 300w, https:\/\/www.auxcinephilesdeleau.com\/wp-content\/uploads\/2016\/11\/DSC01399-768x512.jpg 768w, https:\/\/www.auxcinephilesdeleau.com\/wp-content\/uploads\/2016\/11\/DSC01399-1024x682.jpg 1024w, https:\/\/www.auxcinephilesdeleau.com\/wp-content\/uploads\/2016\/11\/DSC01399-600x400.jpg 600w\" sizes=\"(max-width: 311px) 100vw, 311px\" \/><\/a><a href=\"https:\/\/www.auxcinephilesdeleau.com\/?attachment_id=2543\" rel=\"attachment wp-att-2543\"><img decoding=\"async\" loading=\"lazy\" class=\"alignnone wp-image-2543\" src=\"https:\/\/www.auxcinephilesdeleau.com\/wp-content\/uploads\/2016\/11\/DSC01401-300x200.jpg\" alt=\"dsc01401\" width=\"311\" height=\"207\" srcset=\"https:\/\/www.auxcinephilesdeleau.com\/wp-content\/uploads\/2016\/11\/DSC01401-300x200.jpg 300w, https:\/\/www.auxcinephilesdeleau.com\/wp-content\/uploads\/2016\/11\/DSC01401-768x511.jpg 768w, https:\/\/www.auxcinephilesdeleau.com\/wp-content\/uploads\/2016\/11\/DSC01401-1024x682.jpg 1024w, https:\/\/www.auxcinephilesdeleau.com\/wp-content\/uploads\/2016\/11\/DSC01401-600x399.jpg 600w\" sizes=\"(max-width: 311px) 100vw, 311px\" \/> notre d\u00e9part de Santa Cruz (concentration maximum !) &#8211; d\u00e9part de \u00ab\u00a0la vie en rose\u00a0\u00bb<\/a><\/p>\n<p>Nous sommes partis mardi 15 novembre. Et bon pr\u00e9sage, nous sommes partis sous le soleil, apr\u00e8s toutes ces journ\u00e9es pluvieuses sous la grisaille\u00a0!Comme on n&rsquo;a pas voulu de 2\u00e8me hasard, on est parti le m\u00eame jour avec \u00ab\u00a0la vie en rose\u00a0\u00bb, et pour la m\u00eame destination\u00a0! C&rsquo;est vraiment chouette pour Noanne et Rosalie de pouvoir se quitter tout en se revoyant \u00e0 l&rsquo;escale suivante\u00a0! \u00c7a nous a bien aid\u00e9 pendant la navigation, de savoir qu&rsquo;au bout d&rsquo;une semaine, Noanne d\u00e9couvrirait le S\u00e9n\u00e9gal, mais aussi qu&rsquo;elle retrouverait sa grande copine\u00a0!<\/p>\n<p><a href=\"https:\/\/www.auxcinephilesdeleau.com\/?attachment_id=2544\" rel=\"attachment wp-att-2544\"><img decoding=\"async\" loading=\"lazy\" class=\"alignnone wp-image-2544\" src=\"https:\/\/www.auxcinephilesdeleau.com\/wp-content\/uploads\/2016\/11\/DSC01406-300x200.jpg\" alt=\"dsc01406\" width=\"319\" height=\"212\" srcset=\"https:\/\/www.auxcinephilesdeleau.com\/wp-content\/uploads\/2016\/11\/DSC01406-300x200.jpg 300w, https:\/\/www.auxcinephilesdeleau.com\/wp-content\/uploads\/2016\/11\/DSC01406-768x512.jpg 768w, https:\/\/www.auxcinephilesdeleau.com\/wp-content\/uploads\/2016\/11\/DSC01406-1024x682.jpg 1024w, https:\/\/www.auxcinephilesdeleau.com\/wp-content\/uploads\/2016\/11\/DSC01406-600x400.jpg 600w\" sizes=\"(max-width: 319px) 100vw, 319px\" \/><\/a><a href=\"https:\/\/www.auxcinephilesdeleau.com\/?attachment_id=2545\" rel=\"attachment wp-att-2545\"><img decoding=\"async\" loading=\"lazy\" class=\"alignnone wp-image-2545\" src=\"https:\/\/www.auxcinephilesdeleau.com\/wp-content\/uploads\/2016\/11\/DSC01408-300x200.jpg\" alt=\"dsc01408\" width=\"319\" height=\"212\" srcset=\"https:\/\/www.auxcinephilesdeleau.com\/wp-content\/uploads\/2016\/11\/DSC01408-300x200.jpg 300w, https:\/\/www.auxcinephilesdeleau.com\/wp-content\/uploads\/2016\/11\/DSC01408-768x511.jpg 768w, https:\/\/www.auxcinephilesdeleau.com\/wp-content\/uploads\/2016\/11\/DSC01408-1024x681.jpg 1024w, https:\/\/www.auxcinephilesdeleau.com\/wp-content\/uploads\/2016\/11\/DSC01408-600x399.jpg 600w\" sizes=\"(max-width: 319px) 100vw, 319px\" \/>Au revoir les Canaries et premier coucher de soleil<\/a><\/p>\n<p>On s&rsquo;est vite rendu compte que l&rsquo;on avait fait le bon choix, notre plus grande navigation depuis le d\u00e9but de notre voyage s&rsquo;est tr\u00e8s bien pass\u00e9e, nous avons fait \u00e0 peine deux jours de moteur pour 8 jours en mer, on a eu diff\u00e9rents types de temps et de forces de vent, mais jamais excessifs.<\/p>\n<p>Nous nous sommes quand m\u00eame fait bien secouer en sortant du port, mais cette fois tout \u00e9tait bien cal\u00e9, on \u00e9tait pr\u00eat\u00a0! \u00c7a n&rsquo;a pas dur\u00e9 longtemps, le premier jour on a eu un peu de vent avec des vagues un peu cass\u00e9es dans tous les sens mais tr\u00e8s vite, la mer s&rsquo;est calm\u00e9e. On a eu de la houle mais elle poussait le bateau, avec le vent dans le dos ou de travers. Nous sommes partis le lendemain de la pleine lune, profitant ainsi la nuit de la lune descendante, une chance\u00a0! Bon, on a quand m\u00eame eu 3 jours dans la grisaille (apr\u00e8s 3 jours de nav), donc sans voir ni la lune ni les \u00e9toiles, et le jour ni le soleil ni m\u00eame trop de mammif\u00e8res marins, on commen\u00e7ait \u00e0 se sentir un peu seuls\u00a0!<\/p>\n<p>D&rsquo;autant que bon, j&rsquo;h\u00e9site \u00e0 vous parler de la p\u00eache, car sur ce chapitre, on continue \u00e0 ne pas \u00eatre chanceux. Le premier jour o\u00f9 l&rsquo;on met la ligne\u00a0: poisson 0, fou de Bassan 1.<\/p>\n<div id=\"attachment_2565\" style=\"width: 385px\" class=\"wp-caption alignleft\"><a href=\"https:\/\/www.auxcinephilesdeleau.com\/?attachment_id=2565\" rel=\"attachment wp-att-2565\"><img aria-describedby=\"caption-attachment-2565\" decoding=\"async\" loading=\"lazy\" class=\" wp-image-2565\" src=\"https:\/\/www.auxcinephilesdeleau.com\/wp-content\/uploads\/2016\/11\/DSC01415-300x169.jpg\" alt=\"Fou de Bassan attendant de se faire lib\u00e9rer de l'hame\u00e7on\" width=\"375\" height=\"211\" srcset=\"https:\/\/www.auxcinephilesdeleau.com\/wp-content\/uploads\/2016\/11\/DSC01415-300x169.jpg 300w, https:\/\/www.auxcinephilesdeleau.com\/wp-content\/uploads\/2016\/11\/DSC01415-768x432.jpg 768w, https:\/\/www.auxcinephilesdeleau.com\/wp-content\/uploads\/2016\/11\/DSC01415-1024x576.jpg 1024w, https:\/\/www.auxcinephilesdeleau.com\/wp-content\/uploads\/2016\/11\/DSC01415-600x337.jpg 600w\" sizes=\"(max-width: 375px) 100vw, 375px\" \/><\/a><p id=\"caption-attachment-2565\" class=\"wp-caption-text\">Fou de Bassan attendant de se faire lib\u00e9rer de l&rsquo;hame\u00e7on<\/p><\/div>\n<p>Quelle gal\u00e8re de lui enlever son hame\u00e7on coinc\u00e9 dans sa patte palm\u00e9e\u00a0! Une belle et grosse dorade coryph\u00e8ne s&rsquo;est balad\u00e9e une bonne partie de la journ\u00e9e mais impossible de la faire mordre \u00e0 l&rsquo;hame\u00e7on. Yann voyait des bancs de poissons tout autour de Dominao, mais pas moyen d&rsquo;avoir une touche&#8230;<\/p>\n<div id=\"attachment_2549\" style=\"width: 175px\" class=\"wp-caption alignright\"><a href=\"https:\/\/www.auxcinephilesdeleau.com\/?attachment_id=2549\" rel=\"attachment wp-att-2549\"><img aria-describedby=\"caption-attachment-2549\" decoding=\"async\" loading=\"lazy\" class=\" wp-image-2549\" src=\"https:\/\/www.auxcinephilesdeleau.com\/wp-content\/uploads\/2016\/11\/DSC01443-200x300.jpg\" alt=\"Un poisson volant que Titouan s'est fait un plaisir de manger !\" width=\"165\" height=\"248\" srcset=\"https:\/\/www.auxcinephilesdeleau.com\/wp-content\/uploads\/2016\/11\/DSC01443-200x300.jpg 200w, https:\/\/www.auxcinephilesdeleau.com\/wp-content\/uploads\/2016\/11\/DSC01443-768x1151.jpg 768w, https:\/\/www.auxcinephilesdeleau.com\/wp-content\/uploads\/2016\/11\/DSC01443-683x1024.jpg 683w, https:\/\/www.auxcinephilesdeleau.com\/wp-content\/uploads\/2016\/11\/DSC01443-600x900.jpg 600w\" sizes=\"(max-width: 165px) 100vw, 165px\" \/><\/a><p id=\"caption-attachment-2549\" class=\"wp-caption-text\">Un poisson volant que Titouan s&rsquo;est fait un plaisir de manger !<\/p><\/div>\n<p>Au final, on aura p\u00each\u00e9 un petit poisson, mang\u00e9 un poisson volant atterri par m\u00e9garde une nuit sur notre ponton, mais on aura aussi perdu deux lignes, donc pour nous la p\u00eache n&rsquo;est pas tr\u00e8s \u00e9conomique&#8230;<\/p>\n<p>Mais l&rsquo;important \u00e9tait que l&rsquo;ambiance \u00e0 bord soit bonne, et c&rsquo;\u00e9tait le cas, nos \u00e9quipiers nous ont bien aid\u00e9 \u00e0 rendre la navigation agr\u00e9able, participant aux quarts et nous d\u00e9chargeant de certaines taches du quotidien. Les enfants n&rsquo;ont pas trouv\u00e9 le temps long, ils ont fait leur vie dans le bateau comme il le faisait \u00e0 terre, ne demandant m\u00eame pas trop quand est-ce que l&rsquo;on arrivait, ils ont \u00e9t\u00e9 super\u00a0!<\/p>\n<p>&nbsp;<\/p>\n<p><a href=\"https:\/\/www.auxcinephilesdeleau.com\/?attachment_id=2546\" rel=\"attachment wp-att-2546\"><img decoding=\"async\" loading=\"lazy\" class=\"alignnone wp-image-2546\" src=\"https:\/\/www.auxcinephilesdeleau.com\/wp-content\/uploads\/2016\/11\/DSC01423-300x200.jpg\" alt=\"dsc01423\" width=\"305\" height=\"203\" srcset=\"https:\/\/www.auxcinephilesdeleau.com\/wp-content\/uploads\/2016\/11\/DSC01423-300x200.jpg 300w, https:\/\/www.auxcinephilesdeleau.com\/wp-content\/uploads\/2016\/11\/DSC01423-768x511.jpg 768w, https:\/\/www.auxcinephilesdeleau.com\/wp-content\/uploads\/2016\/11\/DSC01423-1024x682.jpg 1024w, https:\/\/www.auxcinephilesdeleau.com\/wp-content\/uploads\/2016\/11\/DSC01423-600x400.jpg 600w\" sizes=\"(max-width: 305px) 100vw, 305px\" \/><\/a><a href=\"https:\/\/www.auxcinephilesdeleau.com\/?attachment_id=2551\" rel=\"attachment wp-att-2551\"><img decoding=\"async\" loading=\"lazy\" class=\"alignnone wp-image-2551\" src=\"https:\/\/www.auxcinephilesdeleau.com\/wp-content\/uploads\/2016\/11\/DSC01452-300x200.jpg\" alt=\"dsc01452\" width=\"305\" height=\"203\" srcset=\"https:\/\/www.auxcinephilesdeleau.com\/wp-content\/uploads\/2016\/11\/DSC01452-300x200.jpg 300w, https:\/\/www.auxcinephilesdeleau.com\/wp-content\/uploads\/2016\/11\/DSC01452-768x512.jpg 768w, https:\/\/www.auxcinephilesdeleau.com\/wp-content\/uploads\/2016\/11\/DSC01452-1024x682.jpg 1024w, https:\/\/www.auxcinephilesdeleau.com\/wp-content\/uploads\/2016\/11\/DSC01452-600x400.jpg 600w\" sizes=\"(max-width: 305px) 100vw, 305px\" \/>Petit spectacle un soir en mer !<\/a><\/p>\n<p>Et puis notre s\u00e9jour prolong\u00e9 en mer a fini par payer car on a finalement vu les dauphins, pleins de poissons volants (ils volent vraiment juste au dessus de l&rsquo;eau, avec leurs nageoires qui forment comme des ailes, c&rsquo;est assez incroyable), des globic\u00e9phales, du plancton phosphorescent, et moi j&rsquo;ai m\u00eame eu la chance de voir une tortue\u00a0!<\/p>\n<div id=\"attachment_2548\" style=\"width: 310px\" class=\"wp-caption aligncenter\"><a href=\"https:\/\/www.auxcinephilesdeleau.com\/?attachment_id=2548\" rel=\"attachment wp-att-2548\"><img aria-describedby=\"caption-attachment-2548\" decoding=\"async\" loading=\"lazy\" class=\"size-medium wp-image-2548\" src=\"https:\/\/www.auxcinephilesdeleau.com\/wp-content\/uploads\/2016\/11\/DSC01442-300x200.jpg\" alt=\"les ailes-nageoires du poisson volant\" width=\"300\" height=\"200\" srcset=\"https:\/\/www.auxcinephilesdeleau.com\/wp-content\/uploads\/2016\/11\/DSC01442-300x200.jpg 300w, https:\/\/www.auxcinephilesdeleau.com\/wp-content\/uploads\/2016\/11\/DSC01442-768x513.jpg 768w, https:\/\/www.auxcinephilesdeleau.com\/wp-content\/uploads\/2016\/11\/DSC01442-1024x683.jpg 1024w, https:\/\/www.auxcinephilesdeleau.com\/wp-content\/uploads\/2016\/11\/DSC01442-600x400.jpg 600w\" sizes=\"(max-width: 300px) 100vw, 300px\" \/><\/a><p id=\"caption-attachment-2548\" class=\"wp-caption-text\">les ailes-nageoires du poisson volant<\/p><\/div>\n<p>Le temps s&rsquo;est aussi bien rattrap\u00e9, la navigation s&rsquo;est achev\u00e9e avec un bon vent qui nous faisait avancer \u00e0 6-7 n\u0153uds, calant Dominao de fa\u00e7on impressionnante (\u00e0 l&rsquo;int\u00e9rieur on ne sentait rien, Titouan m&rsquo;a m\u00eame demand\u00e9 si on \u00e9tait arriv\u00e9 !). Les diff\u00e9rentes sensations que l&rsquo;on peut avoir en bateau selon son allure, c&rsquo;est assez incroyable. Autant parfois on ne ressent m\u00eame pas \u00eatre en mer tant c&rsquo;est calme, le bateau vogue paisiblement sur les flots, avec pour seul son le clapotis de l&rsquo;eau, autant \u00e0 d&rsquo;autres moments c&rsquo;est la machine sonore infernale\u00a0: le bateau tangue, les voiles claquent, les poulies r\u00e9sonnent&#8230; \u00e7a c&rsquo;est sous la p\u00e9tole ! Naviguer avec un bateau \u00e0 voile, sans vent, est s\u00fbrement la plus mauvaise des allures\u00a0! Comme un bouchon dans l&rsquo;eau, le bateau g\u00eete car le manque de vent dans les voiles ne peut lui apporter la stabilit\u00e9&#8230; et on se fait balloter. On \u00e9vite de vivre trop longtemps ce genre de moment et on allume le moteur\u00a0! Dans l&rsquo;autre sens, lorsque le vent forcit, \u00e7a peut impressionner, \u00e7a g\u00eete mais seulement dans un sens avec le bateau cal\u00e9, et l&rsquo;allure devient agr\u00e9able, avec en plus le point positif qu&rsquo;on avance bien\u00a0!<\/p>\n<div id=\"attachment_2550\" style=\"width: 310px\" class=\"wp-caption aligncenter\"><a href=\"https:\/\/www.auxcinephilesdeleau.com\/?attachment_id=2550\" rel=\"attachment wp-att-2550\"><img aria-describedby=\"caption-attachment-2550\" decoding=\"async\" loading=\"lazy\" class=\"wp-image-2550 size-medium\" src=\"https:\/\/www.auxcinephilesdeleau.com\/wp-content\/uploads\/2016\/11\/DSC01449-300x200.jpg\" alt=\"dsc01449\" width=\"300\" height=\"200\" srcset=\"https:\/\/www.auxcinephilesdeleau.com\/wp-content\/uploads\/2016\/11\/DSC01449-300x200.jpg 300w, https:\/\/www.auxcinephilesdeleau.com\/wp-content\/uploads\/2016\/11\/DSC01449-768x512.jpg 768w, https:\/\/www.auxcinephilesdeleau.com\/wp-content\/uploads\/2016\/11\/DSC01449-1024x682.jpg 1024w, https:\/\/www.auxcinephilesdeleau.com\/wp-content\/uploads\/2016\/11\/DSC01449-600x400.jpg 600w\" sizes=\"(max-width: 300px) 100vw, 300px\" \/><\/a><p id=\"caption-attachment-2550\" class=\"wp-caption-text\">Coucher de soleil sous la grisaille<\/p><\/div>\n<p>C&rsquo;est ce qui s&rsquo;est pass\u00e9 les 2 derniers jours de navigation, on \u00e9tait super content des performances de notre bateau que certains voient comme un \u00ab\u00a0veau\u00a0\u00bb tant il est ventru et bien non\u00a0! Dominao est confortable \u00e0 terre avec son espace de vie des plus \u00e9largi tout en \u00e9tant agr\u00e9able aussi en mer car il avance bien\u00a0! Je me permets de pr\u00e9ciser tout \u00e7a car le capitaine, comme tout marin un peu bourru, a de f\u00e2cheuses tendances \u00e0 se plaindre, dont parfois de son bateau, et bien l\u00e0 il le f\u00e9licitait\u00a0!! Malgr\u00e9 notre belle performance des derniers jours, il nous a manqu\u00e9 deux heures pour arriver de jour et on a du faire les derniers milles de nuit dans la baie de Hann, entre pirogues et filets&#8230; Ce n&rsquo;est pas \u00e0 faire, on l&rsquo;a fait, le capitaine a g\u00e9r\u00e9, on a s\u00fbrement eu aussi un peu de chance, on est arriv\u00e9 sans incident mais on ne vous le conseille pas\u00a0! Le cercle de voile de Dakar n&rsquo;est pas indiqu\u00e9 sur les cartes, les pirogues ne sont pas \u00e9clair\u00e9es, on a appris par la suite qu&rsquo;il y avait une \u00e9pave dans la baie, bref, \u00e0 \u00e9viter\u00a0!<\/p>\n<div id=\"attachment_2552\" style=\"width: 364px\" class=\"wp-caption aligncenter\"><a href=\"https:\/\/www.auxcinephilesdeleau.com\/?attachment_id=2552\" rel=\"attachment wp-att-2552\"><img aria-describedby=\"caption-attachment-2552\" decoding=\"async\" loading=\"lazy\" class=\" wp-image-2552\" src=\"https:\/\/www.auxcinephilesdeleau.com\/wp-content\/uploads\/2016\/11\/DSC01461-300x200.jpg\" alt=\"Vu de notre mouillage devant le cercle de voile de Dakar\" width=\"354\" height=\"236\" srcset=\"https:\/\/www.auxcinephilesdeleau.com\/wp-content\/uploads\/2016\/11\/DSC01461-300x200.jpg 300w, https:\/\/www.auxcinephilesdeleau.com\/wp-content\/uploads\/2016\/11\/DSC01461-768x512.jpg 768w, https:\/\/www.auxcinephilesdeleau.com\/wp-content\/uploads\/2016\/11\/DSC01461-1024x682.jpg 1024w, https:\/\/www.auxcinephilesdeleau.com\/wp-content\/uploads\/2016\/11\/DSC01461-600x400.jpg 600w\" sizes=\"(max-width: 354px) 100vw, 354px\" \/><\/a><p id=\"caption-attachment-2552\" class=\"wp-caption-text\">Vu de notre mouillage devant le cercle de voile de Dakar<\/p><\/div>\n<p>Nous avons donc red\u00e9couvert Dakar de nuit, et avons alors commenc\u00e9 par retrouver&#8230; les odeurs\u00a0! Incroyable ce souvenir par l&rsquo;odorat, c&rsquo;est frappant. Une odeur bien-s\u00fbr ind\u00e9finissable, m\u00e9lange d&rsquo;encens et de poissons, pas facile \u00e0 d\u00e9finir par \u00e9crit, et \u00e7a marche pas non plus avec les photos, donc on gardera \u00e7a pour nous\u00a0!<\/p>\n<p>Je pensais que la partie navigation repr\u00e9senterait la premi\u00e8re partie de mon message mais comme je recommence \u00e0 \u00e9crire un roman, je vais m&rsquo;arr\u00eater l\u00e0\u00a0! Les retrouvailles avec Dakar, le retour dans notre statut de Toubab, la r\u00e9action de nos enfants, la visite \u00ab\u00a0sp\u00e9ciale\u00a0\u00bb \u00e0 Gor\u00e9e&#8230; Tout \u00e7a fera l&rsquo;objet d&rsquo;un autre post, que j&rsquo;esp\u00e8re ne pas trop trainer \u00e0 vous \u00e9crire car le temps passe vite et les choses qui s&rsquo;y passent nombreuses\u00a0! Ce n&rsquo;est pas rien pour nous d&rsquo;\u00eatre arriv\u00e9s en Afrique, de retourner au S\u00e9n\u00e9gal, alors \u00e7a remue pas mal. \u00c7a ne fait pas avancer le projet Cin\u00e9-SearCus pour l&rsquo;instant mais c&rsquo;est une sacr\u00e9 \u00e9tape dans notre vie que de revenir ici en bateau, avec nos deux enfants\u00a0!<\/p>\n<p><a href=\"https:\/\/www.auxcinephilesdeleau.com\/?attachment_id=2554\" rel=\"attachment wp-att-2554\"><img decoding=\"async\" loading=\"lazy\" class=\"alignnone wp-image-2554\" src=\"https:\/\/www.auxcinephilesdeleau.com\/wp-content\/uploads\/2016\/11\/DSC01465-300x200.jpg\" alt=\"dsc01465\" width=\"318\" height=\"212\" srcset=\"https:\/\/www.auxcinephilesdeleau.com\/wp-content\/uploads\/2016\/11\/DSC01465-300x200.jpg 300w, https:\/\/www.auxcinephilesdeleau.com\/wp-content\/uploads\/2016\/11\/DSC01465-768x512.jpg 768w, https:\/\/www.auxcinephilesdeleau.com\/wp-content\/uploads\/2016\/11\/DSC01465-1024x683.jpg 1024w, https:\/\/www.auxcinephilesdeleau.com\/wp-content\/uploads\/2016\/11\/DSC01465-600x400.jpg 600w\" sizes=\"(max-width: 318px) 100vw, 318px\" \/><\/a><a href=\"https:\/\/www.auxcinephilesdeleau.com\/?attachment_id=2559\" rel=\"attachment wp-att-2559\"><img decoding=\"async\" loading=\"lazy\" class=\"alignnone wp-image-2559\" src=\"https:\/\/www.auxcinephilesdeleau.com\/wp-content\/uploads\/2016\/11\/DSC01491-300x200.jpg\" alt=\"dsc01491\" width=\"318\" height=\"212\" srcset=\"https:\/\/www.auxcinephilesdeleau.com\/wp-content\/uploads\/2016\/11\/DSC01491-300x200.jpg 300w, https:\/\/www.auxcinephilesdeleau.com\/wp-content\/uploads\/2016\/11\/DSC01491-768x511.jpg 768w, https:\/\/www.auxcinephilesdeleau.com\/wp-content\/uploads\/2016\/11\/DSC01491-1024x682.jpg 1024w, https:\/\/www.auxcinephilesdeleau.com\/wp-content\/uploads\/2016\/11\/DSC01491-600x400.jpg 600w\" sizes=\"(max-width: 318px) 100vw, 318px\" \/><\/a><\/p>\n<p>On esp\u00e8re quitter vite Dakar et son mouillage non abrit\u00e9 du cercle de voile de Dakar o\u00f9 \u00e7a bouge quasi tout le temps pour retrouver le calme des bolongs, on a h\u00e2te\u00a0! Et puis Cin\u00e9-SearCus sera bient\u00f4t de retour car on compte bien jouer le spectacle dans les villages de brousse\u00a0!<\/p>\n<p>Au niveau administratif pour le bateau, c&rsquo;est la gal\u00e8re. Notre visa en tant que personne est de 3 mois mais le bateau n&rsquo;est autoris\u00e9 \u00e0 rester qu&rsquo;un mois au S\u00e9n\u00e9gal\u00a0! \u00c7a fait court le s\u00e9jour, surtout en allant jusqu&rsquo;en Casamance. On pense nous rendre d&rsquo;abord dans le fleuve du Sin\u00e9 Saloum (\u00e0 65 milles au sud de Dakar) pour ensuite revenir sur Dakar pour tenter de prolonger notre passavant d&rsquo;un mois (en esp\u00e9rant que \u00e7a marche mais le douanier a dit \u00e0 Yann qu&rsquo;un prolongement d&rsquo;un mois \u00e9tait autoris\u00e9 en revenant faire les papiers \u00e0 Dakar). Nous nous rendrons ensuite en Casamance, pour la fin d&rsquo;ann\u00e9e, Inch Alla&rsquo;h\u00a0!<\/p>\n<p>Je vous laisse avec quelques photos du march\u00e9 aux poissons pr\u00e8s de notre mouillage et la suite dans un prochain message\u00a0!<\/p>\n<div id='gallery-1' class='gallery galleryid-2528 gallery-columns-4 gallery-size-thumbnail'><dl class='gallery-item'>\n\t\t\t<dt class='gallery-icon landscape'>\n\t\t\t\t<a href='https:\/\/www.auxcinephilesdeleau.com\/?attachment_id=2556'><img width=\"150\" height=\"150\" src=\"https:\/\/www.auxcinephilesdeleau.com\/wp-content\/uploads\/2016\/11\/DSC01483-150x150.jpg\" class=\"attachment-thumbnail size-thumbnail\" alt=\"\" decoding=\"async\" loading=\"lazy\" \/><\/a>\n\t\t\t<\/dt><\/dl><dl class='gallery-item'>\n\t\t\t<dt class='gallery-icon landscape'>\n\t\t\t\t<a href='https:\/\/www.auxcinephilesdeleau.com\/?attachment_id=2558'><img width=\"150\" height=\"150\" src=\"https:\/\/www.auxcinephilesdeleau.com\/wp-content\/uploads\/2016\/11\/DSC01487-150x150.jpg\" class=\"attachment-thumbnail size-thumbnail\" alt=\"\" decoding=\"async\" loading=\"lazy\" \/><\/a>\n\t\t\t<\/dt><\/dl><dl class='gallery-item'>\n\t\t\t<dt class='gallery-icon landscape'>\n\t\t\t\t<a href='https:\/\/www.auxcinephilesdeleau.com\/?attachment_id=2557'><img width=\"150\" height=\"150\" src=\"https:\/\/www.auxcinephilesdeleau.com\/wp-content\/uploads\/2016\/11\/DSC01486-150x150.jpg\" class=\"attachment-thumbnail size-thumbnail\" alt=\"\" decoding=\"async\" loading=\"lazy\" \/><\/a>\n\t\t\t<\/dt><\/dl><dl class='gallery-item'>\n\t\t\t<dt class='gallery-icon landscape'>\n\t\t\t\t<a href='https:\/\/www.auxcinephilesdeleau.com\/?attachment_id=2560'><img width=\"150\" height=\"150\" src=\"https:\/\/www.auxcinephilesdeleau.com\/wp-content\/uploads\/2016\/11\/DSC01492-150x150.jpg\" class=\"attachment-thumbnail size-thumbnail\" alt=\"\" decoding=\"async\" loading=\"lazy\" \/><\/a>\n\t\t\t<\/dt><\/dl><br style=\"clear: both\" \/>\n\t\t<\/div>\n\n<p>A bient\u00f4t<\/p>\n<p>Pauline<\/p>\n<p>PS : pour les photos, toujours le m\u00eame principe, si vous voulez les voir en grand, vous cliquez dessus.<\/p>\n","protected":false},"excerpt":{"rendered":"<p>Salam Alekoum ! Un peu plus d&rsquo;un mois d&rsquo;absence sur la toile, et nous voil\u00e0 arriv\u00e9s au S\u00e9n\u00e9gal !! Olala on n&rsquo;a pas l&rsquo;habitude d&rsquo;aller aussi vite. Depuis mon dernier message, nous avons fait deux grandes navigations, changer d&rsquo;\u00eele, puis &hellip; <a href=\"https:\/\/www.auxcinephilesdeleau.com\/?p=2528\">Continuer la lecture <span class=\"meta-nav\">&rarr;<\/span><\/a><\/p>\n","protected":false},"author":3,"featured_media":0,"comment_status":"open","ping_status":"open","sticky":false,"template":"","format":"standard","meta":{"_mi_skip_tracking":false,"_monsterinsights_sitenote_active":false,"_monsterinsights_sitenote_note":"","_monsterinsights_sitenote_category":0,"footnotes":""},"categories":[20],"tags":[],"_links":{"self":[{"href":"https:\/\/www.auxcinephilesdeleau.com\/index.php?rest_route=\/wp\/v2\/posts\/2528"}],"collection":[{"href":"https:\/\/www.auxcinephilesdeleau.com\/index.php?rest_route=\/wp\/v2\/posts"}],"about":[{"href":"https:\/\/www.auxcinephilesdeleau.com\/index.php?rest_route=\/wp\/v2\/types\/post"}],"author":[{"embeddable":true,"href":"https:\/\/www.auxcinephilesdeleau.com\/index.php?rest_route=\/wp\/v2\/users\/3"}],"replies":[{"embeddable":true,"href":"https:\/\/www.auxcinephilesdeleau.com\/index.php?rest_route=%2Fwp%2Fv2%2Fcomments&post=2528"}],"version-history":[{"count":9,"href":"https:\/\/www.auxcinephilesdeleau.com\/index.php?rest_route=\/wp\/v2\/posts\/2528\/revisions"}],"predecessor-version":[{"id":2574,"href":"https:\/\/www.auxcinephilesdeleau.com\/index.php?rest_route=\/wp\/v2\/posts\/2528\/revisions\/2574"}],"wp:attachment":[{"href":"https:\/\/www.auxcinephilesdeleau.com\/index.php?rest_route=%2Fwp%2Fv2%2Fmedia&parent=2528"}],"wp:term":[{"taxonomy":"category","embeddable":true,"href":"https:\/\/www.auxcinephilesdeleau.com\/index.php?rest_route=%2Fwp%2Fv2%2Fcategories&post=2528"},{"taxonomy":"post_tag","embeddable":true,"href":"https:\/\/www.auxcinephilesdeleau.com\/index.php?rest_route=%2Fwp%2Fv2%2Ftags&post=2528"}],"curies":[{"name":"wp","href":"https:\/\/api.w.org\/{rel}","templated":true}]}}