{"id":3122,"date":"2017-09-06T06:25:31","date_gmt":"2017-09-06T05:25:31","guid":{"rendered":"http:\/\/www.auxcinephilesdeleau.com\/?p=3122"},"modified":"2017-09-06T19:50:41","modified_gmt":"2017-09-06T18:50:41","slug":"retour-au-bateau-et-projet-de-rentree","status":"publish","type":"post","link":"https:\/\/www.auxcinephilesdeleau.com\/?p=3122","title":{"rendered":"Retour au bateau et projet de rentr\u00e9e !"},"content":{"rendered":"<p>Bonjour \u00e0 tous,<\/p>\n<p><a href=\"https:\/\/www.auxcinephilesdeleau.com\/wp-content\/uploads\/2017\/09\/dominao-ds-mangrove-marin.jpg\"><img decoding=\"async\" loading=\"lazy\" class=\"aligncenter wp-image-3145\" src=\"https:\/\/www.auxcinephilesdeleau.com\/wp-content\/uploads\/2017\/09\/dominao-ds-mangrove-marin-1024x574.jpg\" alt=\"\" width=\"556\" height=\"312\" srcset=\"https:\/\/www.auxcinephilesdeleau.com\/wp-content\/uploads\/2017\/09\/dominao-ds-mangrove-marin-1024x574.jpg 1024w, https:\/\/www.auxcinephilesdeleau.com\/wp-content\/uploads\/2017\/09\/dominao-ds-mangrove-marin-300x168.jpg 300w, https:\/\/www.auxcinephilesdeleau.com\/wp-content\/uploads\/2017\/09\/dominao-ds-mangrove-marin-768x431.jpg 768w, https:\/\/www.auxcinephilesdeleau.com\/wp-content\/uploads\/2017\/09\/dominao-ds-mangrove-marin-600x337.jpg 600w, https:\/\/www.auxcinephilesdeleau.com\/wp-content\/uploads\/2017\/09\/dominao-ds-mangrove-marin.jpg 1483w\" sizes=\"(max-width: 556px) 100vw, 556px\" \/><\/a><\/p>\n<p>allez, on va tout d&rsquo;abord vous souhaiter une belle rentr\u00e9e \u00e0 tous\u00a0! M\u00eame nous, on s&rsquo;est fait notre rentr\u00e9e&#8230; au bateau\u00a0! Apr\u00e8s quasi deux mois pos\u00e9s dans une maison \u00e0 Tartane, au nord de l&rsquo;\u00eele, nous voici de retour sur Dominao, bien amarr\u00e9 dans la mangrove dans un mouillage anticyclonique pr\u00e8s du Marin, au sud de l&rsquo;\u00eele\u00a0! Le changement est assez radical, on s&rsquo;\u00e9tait bien habitu\u00e9 \u00e0 la vie \u00e0 terre, et surtout au confort de la maison&#8230; Les douches \u00e0 volont\u00e9, et m\u00eame, la climatisation dans la chambre (oui oui, on a s\u00fbrement exag\u00e9r\u00e9 un peu), c&rsquo;est termin\u00e9\u00a0! Retour au bateau avec ses 33 degr\u00e9s et la douche \u00e0 la satala (bouilloire en plastique utilis\u00e9e en Afrique pour la toilette).<\/p>\n<div id=\"attachment_3149\" style=\"width: 474px\" class=\"wp-caption aligncenter\"><a href=\"https:\/\/www.auxcinephilesdeleau.com\/wp-content\/uploads\/2017\/09\/enfants-baignade-1.jpg\"><img aria-describedby=\"caption-attachment-3149\" decoding=\"async\" loading=\"lazy\" class=\"wp-image-3149 \" src=\"https:\/\/www.auxcinephilesdeleau.com\/wp-content\/uploads\/2017\/09\/enfants-baignade-1-1024x683.jpg\" alt=\"\" width=\"464\" height=\"310\" srcset=\"https:\/\/www.auxcinephilesdeleau.com\/wp-content\/uploads\/2017\/09\/enfants-baignade-1-1024x683.jpg 1024w, https:\/\/www.auxcinephilesdeleau.com\/wp-content\/uploads\/2017\/09\/enfants-baignade-1-300x200.jpg 300w, https:\/\/www.auxcinephilesdeleau.com\/wp-content\/uploads\/2017\/09\/enfants-baignade-1-768x512.jpg 768w, https:\/\/www.auxcinephilesdeleau.com\/wp-content\/uploads\/2017\/09\/enfants-baignade-1-600x400.jpg 600w\" sizes=\"(max-width: 464px) 100vw, 464px\" \/><\/a><p id=\"caption-attachment-3149\" class=\"wp-caption-text\">balan\u00e7oire sur les bouts amarr\u00e9s dans la mangrove !<\/p><\/div>\n<p>On a du se remettre rapidement dans le bain\u00a0: r\u00e9am\u00e9nagement dans le bateau (y&rsquo;en avait partout!), r\u00e9armement de Dominao (on avait mis \u00e0 l&rsquo;int\u00e9rieur tout ce qui se trouvait dehors sur le pont), r\u00e9paration du moteur de l&rsquo;annexe dont le carbu fuyait&#8230; Heureusement qu&rsquo;on peut piquer une t\u00eate de temps \u00e0 autre, car m\u00eame si la mer est tr\u00e8s chaude \u00e0 cette p\u00e9riode, on est encore mieux dans l&rsquo;eau qu&rsquo;\u00e0 l&rsquo;int\u00e9rieur du bateau ! \u00c7a occupe bien les enfants, heureusement.<\/p>\n<div id=\"attachment_3148\" style=\"width: 576px\" class=\"wp-caption aligncenter\"><a href=\"https:\/\/www.auxcinephilesdeleau.com\/wp-content\/uploads\/2017\/09\/paysage-dvt-maison-tartane.jpg\"><img aria-describedby=\"caption-attachment-3148\" decoding=\"async\" loading=\"lazy\" class=\" wp-image-3148\" src=\"https:\/\/www.auxcinephilesdeleau.com\/wp-content\/uploads\/2017\/09\/paysage-dvt-maison-tartane-1024x576.jpg\" alt=\"\" width=\"566\" height=\"319\" srcset=\"https:\/\/www.auxcinephilesdeleau.com\/wp-content\/uploads\/2017\/09\/paysage-dvt-maison-tartane-1024x576.jpg 1024w, https:\/\/www.auxcinephilesdeleau.com\/wp-content\/uploads\/2017\/09\/paysage-dvt-maison-tartane-300x169.jpg 300w, https:\/\/www.auxcinephilesdeleau.com\/wp-content\/uploads\/2017\/09\/paysage-dvt-maison-tartane-768x432.jpg 768w, https:\/\/www.auxcinephilesdeleau.com\/wp-content\/uploads\/2017\/09\/paysage-dvt-maison-tartane-600x337.jpg 600w\" sizes=\"(max-width: 566px) 100vw, 566px\" \/><\/a><p id=\"caption-attachment-3148\" class=\"wp-caption-text\">paysage devant la maison \u00e0 Tartane<\/p><\/div>\n<p>On a dit au revoir aux beaux paysages montagneux et campagnards du nord de l&rsquo;\u00eele, en se disant que l&rsquo;\u00e9t\u00e9 avait fil\u00e9 \u00e0 grande vitesse mais qu&rsquo;on en avait bien profit\u00e9 quand m\u00eame\u00a0! On est au final pas mal rest\u00e9 dans la maison, faut se motiver \u00e0 bouger sous cette chaleur\u00a0! Et puis y&rsquo;avait tellement de jeux pour les enfants, on leur avait install\u00e9 la petite annexe dans le jardin en guise de piscine, et on pouvait descendre \u00e0 la plage en 5 minutes \u00e0 pied. On aura quand m\u00eame r\u00e9ussi \u00e0 se faire deux cascades avec les enfants, et un petit tour de la presqu&rsquo;\u00eele de la Caravelle, qui \u00e9tait \u00e0 seulement quelques kilom\u00e8tres de chez nous (je vais faire d\u00e9filer les photos un peu plus loin dans le texte que ce soit plus ergonomique) !<\/p>\n<div id='gallery-1' class='gallery galleryid-3122 gallery-columns-4 gallery-size-thumbnail'><dl class='gallery-item'>\n\t\t\t<dt class='gallery-icon landscape'>\n\t\t\t\t<a href='https:\/\/www.auxcinephilesdeleau.com\/?attachment_id=3124'><img width=\"150\" height=\"150\" src=\"https:\/\/www.auxcinephilesdeleau.com\/wp-content\/uploads\/2017\/09\/DSC04067-150x150.jpg\" class=\"attachment-thumbnail size-thumbnail\" alt=\"\" decoding=\"async\" aria-describedby=\"gallery-1-3124\" loading=\"lazy\" \/><\/a>\n\t\t\t<\/dt>\n\t\t\t\t<dd class='wp-caption-text gallery-caption' id='gallery-1-3124'>\n\t\t\t\tPlage de Tartane en plein \u00e9t\u00e9, un peu crado&#8230;\n\t\t\t\t<\/dd><\/dl><dl class='gallery-item'>\n\t\t\t<dt class='gallery-icon landscape'>\n\t\t\t\t<a href='https:\/\/www.auxcinephilesdeleau.com\/?attachment_id=3129'><img width=\"150\" height=\"150\" src=\"https:\/\/www.auxcinephilesdeleau.com\/wp-content\/uploads\/2017\/09\/DSC04088-150x150.jpg\" class=\"attachment-thumbnail size-thumbnail\" alt=\"\" decoding=\"async\" aria-describedby=\"gallery-1-3129\" loading=\"lazy\" \/><\/a>\n\t\t\t<\/dt>\n\t\t\t\t<dd class='wp-caption-text gallery-caption' id='gallery-1-3129'>\n\t\t\t\tOn a pr\u00e9f\u00e9r\u00e9 celle un peu plus recul\u00e9e du bourg.\n\t\t\t\t<\/dd><\/dl><dl class='gallery-item'>\n\t\t\t<dt class='gallery-icon landscape'>\n\t\t\t\t<a href='https:\/\/www.auxcinephilesdeleau.com\/?attachment_id=3137'><img width=\"150\" height=\"150\" src=\"https:\/\/www.auxcinephilesdeleau.com\/wp-content\/uploads\/2017\/09\/DSC04126-150x150.jpg\" class=\"attachment-thumbnail size-thumbnail\" alt=\"\" decoding=\"async\" aria-describedby=\"gallery-1-3137\" loading=\"lazy\" \/><\/a>\n\t\t\t<\/dt>\n\t\t\t\t<dd class='wp-caption-text gallery-caption' id='gallery-1-3137'>\n\t\t\t\tA l&rsquo;anse l&rsquo;\u00e9tang, c&rsquo;est pas mal !\n\t\t\t\t<\/dd><\/dl><dl class='gallery-item'>\n\t\t\t<dt class='gallery-icon landscape'>\n\t\t\t\t<a href='https:\/\/www.auxcinephilesdeleau.com\/?attachment_id=3125'><img width=\"150\" height=\"150\" src=\"https:\/\/www.auxcinephilesdeleau.com\/wp-content\/uploads\/2017\/09\/DSC04068-150x150.jpg\" class=\"attachment-thumbnail size-thumbnail\" alt=\"\" decoding=\"async\" aria-describedby=\"gallery-1-3125\" loading=\"lazy\" \/><\/a>\n\t\t\t<\/dt>\n\t\t\t\t<dd class='wp-caption-text gallery-caption' id='gallery-1-3125'>\n\t\t\t\tQuand Titouan met la serviette de sa soeur&#8230;\n\t\t\t\t<\/dd><\/dl><br style=\"clear: both\" \/>\n\t\t<\/div>\n\n<p>Pour Yann, c&rsquo;\u00e9tait pas la m\u00eame, il a pas mal enchain\u00e9 avec le boulot sur le voilier Go\u00e9lane, et c&rsquo;\u00e9tait pas facile\u00a0: en plein cagnard \u00e0 faire le contorsionniste dans les cales pour reboucher les trous \u00e0 coup de soudure, je lui tire mon chapeau, il fallait tenir\u00a0! Mais il a eu plaisir \u00e0 travailler car c&rsquo;\u00e9tait avec un pote, et aussi parce qu&rsquo;enfin, il a fait une pause \u00ab\u00a0enfants\u00a0\u00bb, reprenant un rythme de travail o\u00f9 il partait pour la journ\u00e9e. \u00c7a, \u00e7a lui faisait du bien, \u00e7a compensait avec la p\u00e9nibilit\u00e9 du chantier soudure.<\/p>\n<p><a href=\"https:\/\/www.auxcinephilesdeleau.com\/wp-content\/uploads\/2017\/09\/DSC04066.jpg\"><img decoding=\"async\" loading=\"lazy\" class=\"alignnone wp-image-3123\" src=\"https:\/\/www.auxcinephilesdeleau.com\/wp-content\/uploads\/2017\/09\/DSC04066-300x169.jpg\" alt=\"\" width=\"311\" height=\"175\" srcset=\"https:\/\/www.auxcinephilesdeleau.com\/wp-content\/uploads\/2017\/09\/DSC04066-300x169.jpg 300w, https:\/\/www.auxcinephilesdeleau.com\/wp-content\/uploads\/2017\/09\/DSC04066-768x432.jpg 768w, https:\/\/www.auxcinephilesdeleau.com\/wp-content\/uploads\/2017\/09\/DSC04066-1024x576.jpg 1024w, https:\/\/www.auxcinephilesdeleau.com\/wp-content\/uploads\/2017\/09\/DSC04066-600x337.jpg 600w\" sizes=\"(max-width: 311px) 100vw, 311px\" \/><\/a><a href=\"https:\/\/www.auxcinephilesdeleau.com\/wp-content\/uploads\/2017\/09\/DSC04082.jpg\"><img decoding=\"async\" loading=\"lazy\" class=\"alignnone wp-image-3128\" src=\"https:\/\/www.auxcinephilesdeleau.com\/wp-content\/uploads\/2017\/09\/DSC04082-300x169.jpg\" alt=\"\" width=\"312\" height=\"176\" srcset=\"https:\/\/www.auxcinephilesdeleau.com\/wp-content\/uploads\/2017\/09\/DSC04082-300x169.jpg 300w, https:\/\/www.auxcinephilesdeleau.com\/wp-content\/uploads\/2017\/09\/DSC04082-768x431.jpg 768w, https:\/\/www.auxcinephilesdeleau.com\/wp-content\/uploads\/2017\/09\/DSC04082-1024x575.jpg 1024w, https:\/\/www.auxcinephilesdeleau.com\/wp-content\/uploads\/2017\/09\/DSC04082-600x337.jpg 600w\" sizes=\"(max-width: 312px) 100vw, 312px\" \/> plage de Tartane et paysage pr\u00e8s de l&rsquo;anse Spoutourne<\/a><\/p>\n<p>Pour ma part, sans avoir trouv\u00e9 de mode de garde pour les enfants, j&rsquo;ai fait un peu la m\u00e8re au foyer\u00a0! J&rsquo;ai fait une pause bateau mais pas une pause enfants\u00a0! J&rsquo;ai quand m\u00eame trouv\u00e9 un peu de temps pour \u00e9crire le projet de mon futur film, et sur la fin, j&rsquo;ai bien entam\u00e9 le d\u00e9veloppement de notre futur (proche) financement participatif. J&rsquo;ai \u00e9t\u00e9 malheureusement pas mal ralentie par des probl\u00e8mes informatiques&#8230; C&rsquo;est la d\u00e9bandade\u00a0! Mon MAC a plant\u00e9, je l&rsquo;ai fait diagnostiquer et la carte vid\u00e9o \u00e9tant endommag\u00e9e, il faut changer l&rsquo;ordinateur&#8230; Au prix que co\u00fbte un MAC neuf, je ne peux pas me permettre de r\u00e9investir maintenant. Le r\u00e9parateur a r\u00e9ussi \u00e0 le relancer mais il s\u2019\u00e9teint sans raison puis se rallume, pas pratique pour travailler avec, encore moins pour faire du montage vid\u00e9o, et encore moins pour projeter les films&#8230; Voil\u00e0, tout pour dire qu&rsquo;on n&rsquo;a m\u00eame plus d&rsquo;ordinateur pour nos projections\u00a0! Quand je relevais notre erreur de travailler avec mon ordi perso pour Cin\u00e9 SearCus, c&rsquo;\u00e9tait sans compter qu&rsquo;il pouvait planter&#8230; On a cal\u00e9 une date pendant l&rsquo;\u00e9t\u00e9, dans un bar au Carbet dans le nord ouest de l&rsquo;\u00eele, Katell et Julien nous avait pr\u00eat\u00e9 leur ordinateur pour l&rsquo;occasion, mais vous comprenez d&rsquo;autant plus notre int\u00e9r\u00eat \u00e0 vouloir lancer une cagnotte pour racheter du mat\u00e9riel pour le spectacle\u00a0!!<\/p>\n<div id='gallery-2' class='gallery galleryid-3122 gallery-columns-4 gallery-size-thumbnail'><dl class='gallery-item'>\n\t\t\t<dt class='gallery-icon landscape'>\n\t\t\t\t<a href='https:\/\/www.auxcinephilesdeleau.com\/?attachment_id=3130'><img width=\"150\" height=\"150\" src=\"https:\/\/www.auxcinephilesdeleau.com\/wp-content\/uploads\/2017\/09\/DSC04102-150x150.jpg\" class=\"attachment-thumbnail size-thumbnail\" alt=\"\" decoding=\"async\" aria-describedby=\"gallery-2-3130\" loading=\"lazy\" \/><\/a>\n\t\t\t<\/dt>\n\t\t\t\t<dd class='wp-caption-text gallery-caption' id='gallery-2-3130'>\n\t\t\t\tAu Wahoo Caf\u00e9 au Carbet\n\t\t\t\t<\/dd><\/dl><dl class='gallery-item'>\n\t\t\t<dt class='gallery-icon landscape'>\n\t\t\t\t<a href='https:\/\/www.auxcinephilesdeleau.com\/?attachment_id=3131'><img width=\"150\" height=\"150\" src=\"https:\/\/www.auxcinephilesdeleau.com\/wp-content\/uploads\/2017\/09\/DSC04104-150x150.jpg\" class=\"attachment-thumbnail size-thumbnail\" alt=\"\" decoding=\"async\" loading=\"lazy\" \/><\/a>\n\t\t\t<\/dt><\/dl><dl class='gallery-item'>\n\t\t\t<dt class='gallery-icon landscape'>\n\t\t\t\t<a href='https:\/\/www.auxcinephilesdeleau.com\/?attachment_id=3132'><img width=\"150\" height=\"150\" src=\"https:\/\/www.auxcinephilesdeleau.com\/wp-content\/uploads\/2017\/09\/DSC04107-150x150.jpg\" class=\"attachment-thumbnail size-thumbnail\" alt=\"\" decoding=\"async\" loading=\"lazy\" \/><\/a>\n\t\t\t<\/dt><\/dl><dl class='gallery-item'>\n\t\t\t<dt class='gallery-icon landscape'>\n\t\t\t\t<a href='https:\/\/www.auxcinephilesdeleau.com\/?attachment_id=3133'><img width=\"150\" height=\"150\" src=\"https:\/\/www.auxcinephilesdeleau.com\/wp-content\/uploads\/2017\/09\/DSC04108-150x150.jpg\" class=\"attachment-thumbnail size-thumbnail\" alt=\"\" decoding=\"async\" loading=\"lazy\" \/><\/a>\n\t\t\t<\/dt><\/dl><br style=\"clear: both\" \/>\n\t\t<\/div>\n\n<p>Pour finir sur mes d\u00e9boires informatiques, quelques semaines apr\u00e8s mon MAC, c&rsquo;est mon smartphone qui subissait une derni\u00e8re fatale petite chute, qui a fait bugger le clavier tactile. Devenu inutilisable, j&rsquo;ai du en racheter un neuf\u00a0! On peut appeler \u00e7a de la malchance, ou aussi de l&rsquo;obsolescence programm\u00e9e&#8230; Bref, notre matos n&rsquo;est plus tout jeune, et tout casse en m\u00eame temps\u00a0!<\/p>\n<p>Quelle belle introduction je vous fais l\u00e0 \u00e0 notre pr\u00e9occupation du moment\u00a0: notre campagne de financement participatif\u00a0! Sauf contre-temps, nous allons la commencer d&rsquo;ici 15 jours, pour une dur\u00e9e d&rsquo;un mois. Bien-s\u00fbr, on se pose dix milles questions\u00a0: est-ce judicieux de lancer \u00e7a maintenant, alors que nous sommes en voyage\u00a0? Notre r\u00e9seau va-t-il suivre\u00a0? Combien peut-on imaginer recevoir\u00a0? Comment organiser \u00e7a\u00a0? Comment faire des contreparties sympas qui nous co\u00fbtent pas le prix de la cagnotte&#8230;<\/p>\n<p>Vous ne comprenez rien \u00e0 ce que je raconte\u00a0? Alors je tente de m&rsquo;expliquer en quelques lignes\u00a0:<\/p>\n<p>Nous allons lancer un appel pour un financement participatif pour l&rsquo;achat de mat\u00e9riel pour le cin\u00e9ma, et pour ce faire, nous avons choisi la plateforme Ulule, car c&rsquo;est une des plus connues et apparemment sp\u00e9cialis\u00e9e dans le domaine culturel. Nous aurions aim\u00e9 organiser une cagnotte directement sur notre site pour vous \u00e9viter de devoir vous inscrire sur ulule si vous souhaitez participer, et aussi pour ne pas payer de commission, mais cela nous aurait demand\u00e9 trop de boulot informatique que nous ne sommes pas en mesure de fournir.<\/p>\n<div id='gallery-3' class='gallery galleryid-3122 gallery-columns-3 gallery-size-thumbnail'><dl class='gallery-item'>\n\t\t\t<dt class='gallery-icon landscape'>\n\t\t\t\t<a href='https:\/\/www.auxcinephilesdeleau.com\/?attachment_id=3135'><img width=\"150\" height=\"150\" src=\"https:\/\/www.auxcinephilesdeleau.com\/wp-content\/uploads\/2017\/09\/DSC04117-150x150.jpg\" class=\"attachment-thumbnail size-thumbnail\" alt=\"\" decoding=\"async\" loading=\"lazy\" \/><\/a>\n\t\t\t<\/dt><\/dl><dl class='gallery-item'>\n\t\t\t<dt class='gallery-icon landscape'>\n\t\t\t\t<a href='https:\/\/www.auxcinephilesdeleau.com\/?attachment_id=3134'><img width=\"150\" height=\"150\" src=\"https:\/\/www.auxcinephilesdeleau.com\/wp-content\/uploads\/2017\/09\/DSC04112-150x150.jpg\" class=\"attachment-thumbnail size-thumbnail\" alt=\"\" decoding=\"async\" aria-describedby=\"gallery-3-3134\" loading=\"lazy\" \/><\/a>\n\t\t\t<\/dt>\n\t\t\t\t<dd class='wp-caption-text gallery-caption' id='gallery-3-3134'>\n\t\t\t\tcascade \u00e0 l&rsquo;anse couleuvre\n\t\t\t\t<\/dd><\/dl><dl class='gallery-item'>\n\t\t\t<dt class='gallery-icon landscape'>\n\t\t\t\t<a href='https:\/\/www.auxcinephilesdeleau.com\/?attachment_id=3139'><img width=\"150\" height=\"150\" src=\"https:\/\/www.auxcinephilesdeleau.com\/wp-content\/uploads\/2017\/09\/DSC04129-150x150.jpg\" class=\"attachment-thumbnail size-thumbnail\" alt=\"\" decoding=\"async\" loading=\"lazy\" \/><\/a>\n\t\t\t<\/dt><\/dl><br style=\"clear: both\" \/><dl class='gallery-item'>\n\t\t\t<dt class='gallery-icon landscape'>\n\t\t\t\t<a href='https:\/\/www.auxcinephilesdeleau.com\/?attachment_id=3140'><img width=\"150\" height=\"150\" src=\"https:\/\/www.auxcinephilesdeleau.com\/wp-content\/uploads\/2017\/09\/DSC04135-150x150.jpg\" class=\"attachment-thumbnail size-thumbnail\" alt=\"\" decoding=\"async\" loading=\"lazy\" \/><\/a>\n\t\t\t<\/dt><\/dl><dl class='gallery-item'>\n\t\t\t<dt class='gallery-icon landscape'>\n\t\t\t\t<a href='https:\/\/www.auxcinephilesdeleau.com\/?attachment_id=3141'><img width=\"150\" height=\"150\" src=\"https:\/\/www.auxcinephilesdeleau.com\/wp-content\/uploads\/2017\/09\/DSC04136-150x150.jpg\" class=\"attachment-thumbnail size-thumbnail\" alt=\"\" decoding=\"async\" aria-describedby=\"gallery-3-3141\" loading=\"lazy\" \/><\/a>\n\t\t\t<\/dt>\n\t\t\t\t<dd class='wp-caption-text gallery-caption' id='gallery-3-3141'>\n\t\t\t\tCascade Didier\n\t\t\t\t<\/dd><\/dl><dl class='gallery-item'>\n\t\t\t<dt class='gallery-icon landscape'>\n\t\t\t\t<a href='https:\/\/www.auxcinephilesdeleau.com\/?attachment_id=3142'><img width=\"150\" height=\"150\" src=\"https:\/\/www.auxcinephilesdeleau.com\/wp-content\/uploads\/2017\/09\/DSC04138-150x150.jpg\" class=\"attachment-thumbnail size-thumbnail\" alt=\"\" decoding=\"async\" loading=\"lazy\" \/><\/a>\n\t\t\t<\/dt><\/dl><br style=\"clear: both\" \/>\n\t\t<\/div>\n\n<p>Alors, c&rsquo;est quoi le financement participatif\u00a0:<\/p>\n<p>C&rsquo;est le financement d&rsquo;un projet par une multitude de donateurs, une accumulation de petits dons par une multitude de gens qui au final permet de pouvoir financer un projet. C&rsquo;est une solution alternative, efficace et l\u00e9gale de d\u00e9bloquer des fonds, sans passer par un pr\u00eat ou par une subvention. Bas\u00e9e sur l&rsquo;entraide et la solidarit\u00e9, cette \u00e9conomie dite collaborative peut nous aider \u00e0 r\u00e9aliser et\/ou continuer nos projets.<\/p>\n<p>Dans le concret, \u00e7a se passe comment\u00a0: on se rend sur un site internet, pour nous en l\u2019occurrence c&rsquo;est Ulule, et on propose \u00e0 tout le monde de participer financi\u00e8rement, en proposant diff\u00e9rents montants, allant de 5 euros, 15 euros, 25, 50, 100, 200 ou encore 500. N&rsquo;importe qui peut donner le montant qu&rsquo;il souhaite et en \u00e9change, il re\u00e7oit des contreparties librement fix\u00e9es\u00a0: si vous donnez 5 euros par exemple, votre nom sera mentionn\u00e9 sur notre site internet comme quoi vous nous avez soutenu, pour 15 euros une carte postale, pour 25 l&rsquo;affiche, 50 le tee-shirt (et contreparties pr\u00e9c\u00e9dentes)&#8230; Et pour 500 euros, l\u00e0 c&rsquo;est le Cin\u00e9 SearCus Charter qui se remet au boulot\u00a0!<\/p>\n<p>Voil\u00e0, en gros, c&rsquo;est vous, gr\u00e2ce \u00e0 vos 5 euros, qui allez nous permettre de continuer l&rsquo;aventure\u00a0! Mais alors il est tr\u00e8s important pour nous de le pr\u00e9ciser\u00a0: il n&rsquo;y a bien-s\u00fbr aucune obligation \u00e0 la participation, et pour ceux qui n&rsquo;auraient pas le sou, rien que d&rsquo;en parler autour de vous, diffuser l&rsquo;info dans vos r\u00e9seaux, ce sera d\u00e9j\u00e0 beaucoup\u00a0!<\/p>\n<p>On ne dit pas \u00e7a dans le vent, car croyez bien que ce financement nous questionne\u00a0! Certes, il a un c\u00f4t\u00e9 alternatif car il permet de r\u00e9colter des fonds importants sans avoir affaire ni aux banques ni \u00e0 l&rsquo;\u00e9tat, mais cela ne signifie pas que l&rsquo;on fait \u00e7a tout seul, bien au contraire, le financement repose sur vous, et \u00e7a, forc\u00e9ment, \u00e7a nous g\u00eane&#8230; Ce type de financement prolif\u00e8re en ce moment mais rien de plus normal, car aujourd&rsquo;hui, pour monter un projet, qu&rsquo;il soit professionnel, personnel ou associatif, bon courage pour trouver des financements\u00a0! Alors oui, il y a un c\u00f4t\u00e9 beau \u00e0 ce type de financement collaboratif, l&rsquo;id\u00e9e du colibri, o\u00f9 c&rsquo;est la multiplication du petit peu qui fera beaucoup. Mais d&rsquo;un autre c\u00f4t\u00e9, on ne peut pas aider tout le monde, on imagine bien que la sollicitation puisse \u00eatre grande dans certains r\u00e9seaux, alors vraiment, surtout, ne culpabilisez pas si vous ne participez pas \u00e0 notre financement, il y aura bien d&rsquo;autres moyens de nous filer un coup de pouce\u00a0!<\/p>\n<div id='gallery-4' class='gallery galleryid-3122 gallery-columns-3 gallery-size-thumbnail'><dl class='gallery-item'>\n\t\t\t<dt class='gallery-icon landscape'>\n\t\t\t\t<a href='https:\/\/www.auxcinephilesdeleau.com\/?attachment_id=3136'><img width=\"150\" height=\"150\" src=\"https:\/\/www.auxcinephilesdeleau.com\/wp-content\/uploads\/2017\/09\/DSC04125-150x150.jpg\" class=\"attachment-thumbnail size-thumbnail\" alt=\"\" decoding=\"async\" aria-describedby=\"gallery-4-3136\" loading=\"lazy\" \/><\/a>\n\t\t\t<\/dt>\n\t\t\t\t<dd class='wp-caption-text gallery-caption' id='gallery-4-3136'>\n\t\t\t\tVue de la presqu&rsquo;\u00eele de la Caravelle\n\t\t\t\t<\/dd><\/dl><dl class='gallery-item'>\n\t\t\t<dt class='gallery-icon landscape'>\n\t\t\t\t<a href='https:\/\/www.auxcinephilesdeleau.com\/?attachment_id=3143'><img width=\"150\" height=\"150\" src=\"https:\/\/www.auxcinephilesdeleau.com\/wp-content\/uploads\/2017\/09\/DSC04142-150x150.jpg\" class=\"attachment-thumbnail size-thumbnail\" alt=\"\" decoding=\"async\" aria-describedby=\"gallery-4-3143\" loading=\"lazy\" \/><\/a>\n\t\t\t<\/dt>\n\t\t\t\t<dd class='wp-caption-text gallery-caption' id='gallery-4-3143'>\n\t\t\t\tPhare de la Caravelle\n\t\t\t\t<\/dd><\/dl><dl class='gallery-item'>\n\t\t\t<dt class='gallery-icon landscape'>\n\t\t\t\t<a href='https:\/\/www.auxcinephilesdeleau.com\/?attachment_id=3144'><img width=\"150\" height=\"150\" src=\"https:\/\/www.auxcinephilesdeleau.com\/wp-content\/uploads\/2017\/09\/DSC04152-150x150.jpg\" class=\"attachment-thumbnail size-thumbnail\" alt=\"\" decoding=\"async\" aria-describedby=\"gallery-4-3144\" loading=\"lazy\" \/><\/a>\n\t\t\t<\/dt>\n\t\t\t\t<dd class='wp-caption-text gallery-caption' id='gallery-4-3144'>\n\t\t\t\tLa r\u00e9compense une fois en haut !\n\t\t\t\t<\/dd><\/dl><br style=\"clear: both\" \/>\n\t\t<\/div>\n\n<p>Encore deux petites choses avant de finir sur ce chapitre barbant. Le financement participatif repose sur le principe du tout ou rien. On fixe au pr\u00e9alable un montant souhait\u00e9, et si la somme n&rsquo;est pas atteinte, tous les donateurs sont rembours\u00e9s.Il faut donc ne pas se tromper dans la demande, c&rsquo;est l\u00e0 o\u00f9 de nouveau, on h\u00e9site encore&#8230; Bref, on a encore 10 jours de r\u00e9flexion !<\/p>\n<p>Et pour finir, si je vous en parle avant \u00e0 vous, c&rsquo;est pour vous dire que si vous avez l&rsquo;intention de participer \u00e0 la cagnotte, il serait pr\u00e9f\u00e9rable pour nous que vous le fassiez d\u00e8s le d\u00e9but de la campagne. De cette mani\u00e8re, si le financement est d\u00e8s le d\u00e9but bien lanc\u00e9, il nous permettra d&rsquo;aller communiquer aupr\u00e8s de r\u00e9seaux plus larges, de personnes qui ne nous connaissent pas ou de loin, et de para\u00eetre cr\u00e9dible au vu de nos soutiens.<\/p>\n<p>C&rsquo;en est fini pour ces d\u00e9tails un peu pompeux, merci \u00e0 ceux qui auront \u00e9t\u00e9 jusqu&rsquo;au bout\u00a0!!<\/p>\n<p>Voil\u00e0, vous allez donc entendre parler de nous ce prochain mois\u00a0!! On va en profiter pour diffuser des images de notre voyage, on aurait aim\u00e9 tourner un nouveau petit court-m\u00e9trage mais avec les soucis de mon MAC on ne peut plus trop s&rsquo;avancer sur les nouveaux projets vid\u00e9os&#8230;<\/p>\n<div id=\"attachment_3150\" style=\"width: 429px\" class=\"wp-caption aligncenter\"><a href=\"https:\/\/www.auxcinephilesdeleau.com\/wp-content\/uploads\/2017\/09\/rentr\u00e9e-au-bateau.png\"><img aria-describedby=\"caption-attachment-3150\" decoding=\"async\" loading=\"lazy\" class=\" wp-image-3150\" src=\"https:\/\/www.auxcinephilesdeleau.com\/wp-content\/uploads\/2017\/09\/rentr\u00e9e-au-bateau-1024x576.png\" alt=\"\" width=\"419\" height=\"236\" srcset=\"https:\/\/www.auxcinephilesdeleau.com\/wp-content\/uploads\/2017\/09\/rentr\u00e9e-au-bateau-1024x576.png 1024w, https:\/\/www.auxcinephilesdeleau.com\/wp-content\/uploads\/2017\/09\/rentr\u00e9e-au-bateau-300x169.png 300w, https:\/\/www.auxcinephilesdeleau.com\/wp-content\/uploads\/2017\/09\/rentr\u00e9e-au-bateau-768x432.png 768w, https:\/\/www.auxcinephilesdeleau.com\/wp-content\/uploads\/2017\/09\/rentr\u00e9e-au-bateau-600x338.png 600w, https:\/\/www.auxcinephilesdeleau.com\/wp-content\/uploads\/2017\/09\/rentr\u00e9e-au-bateau.png 1920w\" sizes=\"(max-width: 419px) 100vw, 419px\" \/><\/a><p id=\"caption-attachment-3150\" class=\"wp-caption-text\">C&rsquo;est l&rsquo;\u00e9cole au bateau, pour la rentr\u00e9e au CP de Noanne !<\/p><\/div>\n<p>Et pour la suite de notre voyage, on se pr\u00e9pare \u00e0 quitter la Martinique pour aller faire un tour plus au sud, dans les Grenadines mais d&rsquo;ici l\u00e0, Yann doit finir son chantier soudure sur Go\u00e9lane (un chantier bateau prend toujours plus de temps que pr\u00e9vu!), repr\u00e9parer Dominao et son \u00e9quipage \u00e0 reprendre la mer, et lancer ce projet de financement\u00a0!! Vous allez vous dire\u00a0: \u00ab\u00a0et bien ceux l\u00e0, ils sont pas partis\u00a0!\u00a0\u00bb, on aimerait que vous ayez tort, la suite au prochain \u00e9pisode&#8230;<\/p>\n<p>A bient\u00f4t\u00a0!<\/p>\n<p>PS : Au moment o\u00f9 j&rsquo;envoie ce message, Irma s&rsquo;\u00e9loigne peu \u00e0 peu des Antilles. Ici en Martinique, nous avons \u00e9t\u00e9 \u00e9pargn\u00e9, mais on a une grosse pens\u00e9e pour les \u00eeles du nord. Saint-Martin et Saint-Barth sont pass\u00e9s dans l\u2019\u0153il de l&rsquo;ouragan, des vents en rafales allant jusqu&rsquo;\u00e0 300 km\/h, l&rsquo;enfer sur terre&#8230; On leur souhaite tout le courage et l&rsquo;\u00e9nergie n\u00e9cessaire pour affronter cette catastrophe naturelle.<\/p>\n<p>&nbsp;<\/p>\n","protected":false},"excerpt":{"rendered":"<p>Bonjour \u00e0 tous, allez, on va tout d&rsquo;abord vous souhaiter une belle rentr\u00e9e \u00e0 tous\u00a0! M\u00eame nous, on s&rsquo;est fait notre rentr\u00e9e&#8230; au bateau\u00a0! Apr\u00e8s quasi deux mois pos\u00e9s dans une maison \u00e0 Tartane, au nord de l&rsquo;\u00eele, nous voici &hellip; <a href=\"https:\/\/www.auxcinephilesdeleau.com\/?p=3122\">Continuer la lecture <span class=\"meta-nav\">&rarr;<\/span><\/a><\/p>\n","protected":false},"author":3,"featured_media":0,"comment_status":"open","ping_status":"open","sticky":false,"template":"","format":"standard","meta":{"_mi_skip_tracking":false,"_monsterinsights_sitenote_active":false,"_monsterinsights_sitenote_note":"","_monsterinsights_sitenote_category":0,"footnotes":""},"categories":[22,21],"tags":[],"_links":{"self":[{"href":"https:\/\/www.auxcinephilesdeleau.com\/index.php?rest_route=\/wp\/v2\/posts\/3122"}],"collection":[{"href":"https:\/\/www.auxcinephilesdeleau.com\/index.php?rest_route=\/wp\/v2\/posts"}],"about":[{"href":"https:\/\/www.auxcinephilesdeleau.com\/index.php?rest_route=\/wp\/v2\/types\/post"}],"author":[{"embeddable":true,"href":"https:\/\/www.auxcinephilesdeleau.com\/index.php?rest_route=\/wp\/v2\/users\/3"}],"replies":[{"embeddable":true,"href":"https:\/\/www.auxcinephilesdeleau.com\/index.php?rest_route=%2Fwp%2Fv2%2Fcomments&post=3122"}],"version-history":[{"count":5,"href":"https:\/\/www.auxcinephilesdeleau.com\/index.php?rest_route=\/wp\/v2\/posts\/3122\/revisions"}],"predecessor-version":[{"id":3157,"href":"https:\/\/www.auxcinephilesdeleau.com\/index.php?rest_route=\/wp\/v2\/posts\/3122\/revisions\/3157"}],"wp:attachment":[{"href":"https:\/\/www.auxcinephilesdeleau.com\/index.php?rest_route=%2Fwp%2Fv2%2Fmedia&parent=3122"}],"wp:term":[{"taxonomy":"category","embeddable":true,"href":"https:\/\/www.auxcinephilesdeleau.com\/index.php?rest_route=%2Fwp%2Fv2%2Fcategories&post=3122"},{"taxonomy":"post_tag","embeddable":true,"href":"https:\/\/www.auxcinephilesdeleau.com\/index.php?rest_route=%2Fwp%2Fv2%2Ftags&post=3122"}],"curies":[{"name":"wp","href":"https:\/\/api.w.org\/{rel}","templated":true}]}}