{"id":3167,"date":"2017-09-18T23:16:34","date_gmt":"2017-09-18T22:16:34","guid":{"rendered":"http:\/\/www.auxcinephilesdeleau.com\/?p=3167"},"modified":"2017-09-18T23:16:57","modified_gmt":"2017-09-18T22:16:57","slug":"lancement-du-financement-participatif","status":"publish","type":"post","link":"https:\/\/www.auxcinephilesdeleau.com\/?p=3167","title":{"rendered":"Lancement du financement participatif !"},"content":{"rendered":"<p>Bonjour \u00e0 tous,<\/p>\n<p>c&rsquo;est un grand jour pour nous aujourd&rsquo;hui, je dirais surtout un soulagement apr\u00e8s tous ces jours de boulot\u00a0: notre campagne de financement est officiellement lanc\u00e9e\u00a0!<\/p>\n<p><a href=\"https:\/\/www.auxcinephilesdeleau.com\/wp-content\/uploads\/2017\/09\/affiche-pr-ulule-1.jpg\"><img decoding=\"async\" loading=\"lazy\" class=\"aligncenter wp-image-3170\" src=\"https:\/\/www.auxcinephilesdeleau.com\/wp-content\/uploads\/2017\/09\/affiche-pr-ulule-1-800x1024.jpg\" alt=\"\" width=\"505\" height=\"646\" srcset=\"https:\/\/www.auxcinephilesdeleau.com\/wp-content\/uploads\/2017\/09\/affiche-pr-ulule-1-800x1024.jpg 800w, https:\/\/www.auxcinephilesdeleau.com\/wp-content\/uploads\/2017\/09\/affiche-pr-ulule-1-234x300.jpg 234w, https:\/\/www.auxcinephilesdeleau.com\/wp-content\/uploads\/2017\/09\/affiche-pr-ulule-1-768x983.jpg 768w, https:\/\/www.auxcinephilesdeleau.com\/wp-content\/uploads\/2017\/09\/affiche-pr-ulule-1-600x768.jpg 600w\" sizes=\"(max-width: 505px) 100vw, 505px\" \/><\/a><\/p>\n<p>Ce message sera court (pour une fois !), car pour la pr\u00e9sentation du projet, le pourquoi de cet appel, les contreparties si vous participez \u00e0 la collecte, tout est expliqu\u00e9 ici\u00a0:<\/p>\n<p><a href=\"https:\/\/fr.ulule.com\/cine-searcus\/\">https:\/\/fr.ulule.com\/cine-searcus\/<\/a><\/p>\n<p>C&rsquo;est ce lien que vous pouvez diffuser \u00e0 vos contacts, partager sur vos r\u00e9seaux sociaux&#8230; et propager autour de vous. On dit souvent que c&rsquo;est le bouche \u00e0 oreille qui marche le mieux, et c&rsquo;est l\u00e0 que \u00e7a va p\u00eacher pour nous car on n&rsquo;est pas l\u00e0 pour en parler\u00a0! Vous \u00eates donc nos ambassadeurs\u00a0!!<\/p>\n<p>Je vous le rappelle bri\u00e8vement\u00a0: pour celles et ceux qui souhaiteraient participer \u00e0 la collecte\u00a0: le plus t\u00f4t, c&rsquo;est le mieux\u00a0!! L&rsquo;id\u00e9e est que nos connaissances proches commencent la collecte, et qu&rsquo;on diffuse ensuite notre projet \u00e0 un plus large public, qui le trouvera plus cr\u00e9dible si une partie de l&rsquo;argent demand\u00e9 est d\u00e9j\u00e0 r\u00e9colt\u00e9e. Dans tous les cas, la campagne de financement dure 30 jours, \u00e7a va passer vite.<\/p>\n<p>Et pour ceux qui ne pourront pas y participer financi\u00e8rement, on vous l&rsquo;a d\u00e9j\u00e0 dit mais on le r\u00e9p\u00e8te\u00a0: on n&rsquo;en voudra \u00e0 personne, on comprend tr\u00e8s bien que tout le monde ne puisse pas participer\u00a0! En suivant notre voyage, vous contribuez d\u00e9j\u00e0 \u00e0 la r\u00e9ussite de notre projet, alors dans tous les cas, un grand merci d&rsquo;avance \u00e0 tous de soutenir un projet culturel \u00e0 la voile\u00a0!<\/p>\n<p>On a profit\u00e9 du lancement de la collecte pour sortir le tout nouveau teaser de notre cin\u00e9ma d\u00e9jant\u00e9. On a souhait\u00e9 le r\u00e9actualiser pour qu&rsquo;il soit plus \u00e0 l&rsquo;image de nos repr\u00e9sentations actuelles. C&rsquo;\u00e9tait un peu g\u00eanant pour nous d&rsquo;envoyer l&rsquo;ancien teaser \u00e0 nos contacts aux Antilles, qui pr\u00e9sentait un cin\u00e9-spectacle \u00e0 5 sachant que nous n&rsquo;\u00e9tions que 2&#8230; Et puis on avait aussi envie d&rsquo;y inclure des images d&rsquo;Afrique, une escale qui marque un voyage\u00a0!<\/p>\n<p>Le voici, n&rsquo;h\u00e9sitez pas \u00e9galement \u00e0 le partager\u00a0:<\/p>\n<p><iframe loading=\"lazy\" src=\"https:\/\/player.vimeo.com\/video\/234146085\" width=\"640\" height=\"360\" frameborder=\"0\" title=\"Le nouveau teaser de &quot;Cin&eacute; SearCus&quot; !\" webkitallowfullscreen mozallowfullscreen allowfullscreen><\/iframe><\/p>\n<p>On vous r\u00e9serve d&rsquo;autres surprises pendant le mois qui suit&#8230;<\/p>\n<p>Alors \u00e0 tr\u00e8s vite\u00a0!<\/p>\n<p>Pauline et Yann<\/p>\n<p>PS\u00a0: N&rsquo;h\u00e9sitez pas \u00e0 nous contacter si vous avec des questions, soit sur mon mail <a href=\"mailto:lepeculierpauline@hotmail.fr\">lepeculierpauline@hotmail.fr<\/a>, soit sur <a href=\"mailto:cinesearcus@gmail.com\">cinesearcus@gmail.com<\/a><\/p>\n","protected":false},"excerpt":{"rendered":"<p>Bonjour \u00e0 tous, c&rsquo;est un grand jour pour nous aujourd&rsquo;hui, je dirais surtout un soulagement apr\u00e8s tous ces jours de boulot\u00a0: notre campagne de financement est officiellement lanc\u00e9e\u00a0! Ce message sera court (pour une fois !), car pour la pr\u00e9sentation &hellip; <a href=\"https:\/\/www.auxcinephilesdeleau.com\/?p=3167\">Continuer la lecture <span class=\"meta-nav\">&rarr;<\/span><\/a><\/p>\n","protected":false},"author":3,"featured_media":0,"comment_status":"open","ping_status":"open","sticky":false,"template":"","format":"standard","meta":{"_mi_skip_tracking":false,"_monsterinsights_sitenote_active":false,"_monsterinsights_sitenote_note":"","_monsterinsights_sitenote_category":0,"footnotes":""},"categories":[22,21],"tags":[],"_links":{"self":[{"href":"https:\/\/www.auxcinephilesdeleau.com\/index.php?rest_route=\/wp\/v2\/posts\/3167"}],"collection":[{"href":"https:\/\/www.auxcinephilesdeleau.com\/index.php?rest_route=\/wp\/v2\/posts"}],"about":[{"href":"https:\/\/www.auxcinephilesdeleau.com\/index.php?rest_route=\/wp\/v2\/types\/post"}],"author":[{"embeddable":true,"href":"https:\/\/www.auxcinephilesdeleau.com\/index.php?rest_route=\/wp\/v2\/users\/3"}],"replies":[{"embeddable":true,"href":"https:\/\/www.auxcinephilesdeleau.com\/index.php?rest_route=%2Fwp%2Fv2%2Fcomments&post=3167"}],"version-history":[{"count":3,"href":"https:\/\/www.auxcinephilesdeleau.com\/index.php?rest_route=\/wp\/v2\/posts\/3167\/revisions"}],"predecessor-version":[{"id":3174,"href":"https:\/\/www.auxcinephilesdeleau.com\/index.php?rest_route=\/wp\/v2\/posts\/3167\/revisions\/3174"}],"wp:attachment":[{"href":"https:\/\/www.auxcinephilesdeleau.com\/index.php?rest_route=%2Fwp%2Fv2%2Fmedia&parent=3167"}],"wp:term":[{"taxonomy":"category","embeddable":true,"href":"https:\/\/www.auxcinephilesdeleau.com\/index.php?rest_route=%2Fwp%2Fv2%2Fcategories&post=3167"},{"taxonomy":"post_tag","embeddable":true,"href":"https:\/\/www.auxcinephilesdeleau.com\/index.php?rest_route=%2Fwp%2Fv2%2Ftags&post=3167"}],"curies":[{"name":"wp","href":"https:\/\/api.w.org\/{rel}","templated":true}]}}