{"id":3639,"date":"2018-12-20T15:42:26","date_gmt":"2018-12-20T14:42:26","guid":{"rendered":"http:\/\/www.auxcinephilesdeleau.com\/?p=3639"},"modified":"2018-12-20T23:16:49","modified_gmt":"2018-12-20T22:16:49","slug":"des-nouvelles-de-fin-dannee","status":"publish","type":"post","link":"https:\/\/www.auxcinephilesdeleau.com\/?p=3639","title":{"rendered":"Des nouvelles de fin d&rsquo;ann\u00e9e !"},"content":{"rendered":"<p style=\"margin-bottom: 0cm;\" align=\"JUSTIFY\">Demat d&rsquo;an holl (et oui, faut bien se mettre un peu au breton maintenant qu&rsquo;on est de retour)\u00a0!<\/p>\n<p style=\"margin-bottom: 0cm;\" align=\"JUSTIFY\">je me suis dit qu&rsquo;il \u00e9tait temps, apr\u00e8s une longue absence, de vous donner quelques nouvelles\u00a0!<\/p>\n<p style=\"margin-bottom: 0cm;\" align=\"JUSTIFY\">Tout d&rsquo;abord, pas d&rsquo;inqui\u00e9tude, nous allons bien\u00a0! M\u00eame si le froid nous attaque, m\u00eame si le quotidien s&rsquo;installe, m\u00eame si Dominao ne quitte plus son port d&rsquo;attache depuis qu&rsquo;il l&rsquo;a retrouv\u00e9 en ao\u00fbt dernier, \u00e7a va pour nous\u00a0!<\/p>\n<p align=\"JUSTIFY\">\n<div id=\"attachment_3650\" style=\"width: 1930px\" class=\"wp-caption aligncenter\"><a href=\"https:\/\/www.auxcinephilesdeleau.com\/wp-content\/uploads\/2018\/12\/DSC00112.jpg\"><img aria-describedby=\"caption-attachment-3650\" decoding=\"async\" loading=\"lazy\" class=\"wp-image-3650 size-full\" src=\"https:\/\/www.auxcinephilesdeleau.com\/wp-content\/uploads\/2018\/12\/DSC00112.jpg\" alt=\"\" width=\"1920\" height=\"1080\" srcset=\"https:\/\/www.auxcinephilesdeleau.com\/wp-content\/uploads\/2018\/12\/DSC00112.jpg 1920w, https:\/\/www.auxcinephilesdeleau.com\/wp-content\/uploads\/2018\/12\/DSC00112-300x169.jpg 300w, https:\/\/www.auxcinephilesdeleau.com\/wp-content\/uploads\/2018\/12\/DSC00112-768x432.jpg 768w, https:\/\/www.auxcinephilesdeleau.com\/wp-content\/uploads\/2018\/12\/DSC00112-1024x576.jpg 1024w, https:\/\/www.auxcinephilesdeleau.com\/wp-content\/uploads\/2018\/12\/DSC00112-600x338.jpg 600w\" sizes=\"(max-width: 1920px) 100vw, 1920px\" \/><\/a><p id=\"caption-attachment-3650\" class=\"wp-caption-text\">Premi\u00e8re gel\u00e9e, \u00e7a glisse sur le ponton !<\/p><\/div>\n<p align=\"JUSTIFY\">\n<p style=\"margin-bottom: 0cm;\" align=\"JUSTIFY\">On a choisi la transition lente et on reprend la vie terrienne fran\u00e7aise avec le plus de douceur possible. On ne s&rsquo;est volontairement pas plong\u00e9 dans le m\u00e9tro\/boulot\/dodo, on a fait le choix de rester encore un peu sur le bateau, pour minimiser nos frais et continuer \u00e0 vivre de peu en consommant le moins possible&#8230; Pas toujours facile \u00e0 faire, mais cela nous permet de prendre le temps pour les d\u00e9cisions d&rsquo;avenir, comme que fait-on et o\u00f9 allons-nous\u00a0? Des id\u00e9es, des projets, on en a toujours plein la t\u00eate, faut juste savoir par quoi on commence\u00a0!<\/p>\n<p align=\"JUSTIFY\">\n<p style=\"margin-bottom: 0cm;\" align=\"JUSTIFY\">Yann, toujours aussi actif, fait des petits chantiers \u00e0 droite \u00e0 gauche et s&rsquo;est d\u00e9j\u00e0 lanc\u00e9 dans la conception de notre futur habitat. Apr\u00e8s \u00eatre pass\u00e9 par le d\u00f4me, le \u00ab\u00a0house-boat\u00a0\u00bb, il a jet\u00e9 son d\u00e9volu pour une sorte de \u00ab\u00a0Tiny-house\u00a0\u00bb en trois parties, en gros 3 mobil-homes \u00e9cologiques et autonomes qui s\u2019embo\u00eeteraient ensemble pour faire un grand habitat mobile&#8230; sur terre\u00a0! Entre le temps de la construction et l&#8217;emm\u00e9nagement, il nous faudra trouver un habitat temporaire alors si des personnes nous lisent dans le secteur de Pontrieux, on cherche une petite location pas ch\u00e8re et sympa\u00a0!<\/p>\n<p align=\"JUSTIFY\">\n<p style=\"margin-bottom: 0cm;\" align=\"JUSTIFY\">Nous sommes bien conscients que pour nous lancer dans de nouveaux projets, il nous faut nous s\u00e9parer de notre cher et tendre Dominao, d&rsquo;une part pour avoir un apport financier, d&rsquo;autre part parce qu&rsquo;il nous semble incoh\u00e9rent de garder un bateau de voyage si on ne voyage plus\u00a0! Un nouveau d\u00e9part en voilier n&rsquo;est pas pr\u00e9vu avant plusieurs ann\u00e9es alors il va falloir qu&rsquo;on mette en vente Dominao, AUTRE APPEL\u00a0!! Avant de le mettre officiellement en vente, on en parle autour de nous, esp\u00e9rant trouver parmi nos (ou vos) connaissances une famille (ou pas) avec un projet de voyage qui serait int\u00e9ress\u00e9e par l&rsquo;achat de notre bateau. N&rsquo;h\u00e9sitez pas \u00e0 nous contacter si vous avez des pistes, aussi minimes soit-elles&#8230; On ne sait jamais\u00a0!<\/p>\n<p align=\"JUSTIFY\">\n<div id=\"attachment_3653\" style=\"width: 1010px\" class=\"wp-caption aligncenter\"><a href=\"https:\/\/www.auxcinephilesdeleau.com\/wp-content\/uploads\/2018\/12\/yann-illien-et-pauline-le-peculier-sur-leur-bateau-a_4144302.jpg\"><img aria-describedby=\"caption-attachment-3653\" decoding=\"async\" loading=\"lazy\" class=\"size-full wp-image-3653\" src=\"https:\/\/www.auxcinephilesdeleau.com\/wp-content\/uploads\/2018\/12\/yann-illien-et-pauline-le-peculier-sur-leur-bateau-a_4144302.jpg\" alt=\"\" width=\"1000\" height=\"501\" srcset=\"https:\/\/www.auxcinephilesdeleau.com\/wp-content\/uploads\/2018\/12\/yann-illien-et-pauline-le-peculier-sur-leur-bateau-a_4144302.jpg 1000w, https:\/\/www.auxcinephilesdeleau.com\/wp-content\/uploads\/2018\/12\/yann-illien-et-pauline-le-peculier-sur-leur-bateau-a_4144302-300x150.jpg 300w, https:\/\/www.auxcinephilesdeleau.com\/wp-content\/uploads\/2018\/12\/yann-illien-et-pauline-le-peculier-sur-leur-bateau-a_4144302-768x385.jpg 768w, https:\/\/www.auxcinephilesdeleau.com\/wp-content\/uploads\/2018\/12\/yann-illien-et-pauline-le-peculier-sur-leur-bateau-a_4144302-600x301.jpg 600w\" sizes=\"(max-width: 1000px) 100vw, 1000px\" \/><\/a><p id=\"caption-attachment-3653\" class=\"wp-caption-text\">Photo prise \u00e0 notre retour \u00e0 Pontrieux pour un article de presse<\/p><\/div>\n<p align=\"JUSTIFY\">\n<p style=\"margin-bottom: 0cm;\" align=\"JUSTIFY\">Sinon, on a scolaris\u00e9 les enfants dans leur \u00e9cole d&rsquo;origine \u00e0 Plo\u00ebzal, \u00e0 quelques kilom\u00e8tres de Pontrieux, une \u00e9cole publique mais \u00e0 l&rsquo;int\u00e9rieur de laquelle une classe bilingue fran\u00e7ais-breton a \u00e9t\u00e9 cr\u00e9e il y a quelques ann\u00e9es. Cela offre \u00e0 nos enfants la possibilit\u00e9 d&rsquo;\u00eatre ensemble dans une classe de 15 \u00e9l\u00e8ves, de la petite section au CE1\u00a0!<\/p>\n<p align=\"JUSTIFY\">\n<p style=\"margin-bottom: 0cm;\" align=\"JUSTIFY\">Malgr\u00e9 la persistance de Titouan \u00e0 nous dire au d\u00e9part qu&rsquo;il n&rsquo;aimait pas l&rsquo;\u00e9cole, il a fini par avouer que c&rsquo;\u00e9tait trop bien\u00a0! Apr\u00e8s les crises du matin pour ne pas se lever, il s&rsquo;est r\u00e9veill\u00e9 pour la premi\u00e8re fois tout seul ce matin\u00a0!<\/p>\n<p style=\"margin-bottom: 0cm;\" align=\"JUSTIFY\">Il faut dire qu&rsquo;il s&rsquo;entend hyper bien avec les deux autres enfants de son niveau et il voit bien qu&rsquo;en comparaison avec sa s\u0153ur en CE1 assise sur sa chaise, lui en grande section \u00ab\u00a0ne fait que jouer\u00a0\u00bb. Beaucoup se demandait comment Titouan pourrait tenir en place \u00e0 l&rsquo;\u00e9cole et bien il ne semble pas poser de probl\u00e8me et il s&rsquo;\u00e9clate\u00a0! Bon, lorsqu&rsquo;on lui parle ou qu&rsquo;on lui montre des images du voyage, il veut repartir tout de suite mais le contraire aurait \u00e9t\u00e9 \u00e9tonnant. Noanne regrette ses copines de voyage et la mer chaude et turquoise&#8230; On la comprend, nous aussi\u00a0!<\/p>\n<p align=\"JUSTIFY\">\n<p style=\"margin-bottom: 0cm;\" align=\"JUSTIFY\">Notre fille a du davantage cravacher en d\u00e9but d&rsquo;ann\u00e9e scolaire pour \u00ab\u00a0rattraper\u00a0\u00bb le niveau. Elle bloquait un peu en lecture, elle est pass\u00e9e par le soutien et au bout de 3 mois, \u00e7a roulait\u00a0! S\u00fbrement gr\u00e2ce \u00e0 son don pour le dessin, Noanne \u00e9crit super bien, elle s&rsquo;est bien adapt\u00e9e elle aussi\u00a0! Elle se plaignait de l&rsquo;apprentissage du breton car elle ne comprenait rien mais on l&rsquo;entend moins se plaindre et plus chanter, compter en breton, c&rsquo;est plut\u00f4t bon signe\u00a0!<\/p>\n<p align=\"JUSTIFY\">\n<div id=\"attachment_3651\" style=\"width: 1930px\" class=\"wp-caption aligncenter\"><a href=\"https:\/\/www.auxcinephilesdeleau.com\/wp-content\/uploads\/2018\/12\/DSC00027.jpg\"><img aria-describedby=\"caption-attachment-3651\" decoding=\"async\" loading=\"lazy\" class=\"size-full wp-image-3651\" src=\"https:\/\/www.auxcinephilesdeleau.com\/wp-content\/uploads\/2018\/12\/DSC00027.jpg\" alt=\"\" width=\"1920\" height=\"1080\" srcset=\"https:\/\/www.auxcinephilesdeleau.com\/wp-content\/uploads\/2018\/12\/DSC00027.jpg 1920w, https:\/\/www.auxcinephilesdeleau.com\/wp-content\/uploads\/2018\/12\/DSC00027-300x169.jpg 300w, https:\/\/www.auxcinephilesdeleau.com\/wp-content\/uploads\/2018\/12\/DSC00027-768x432.jpg 768w, https:\/\/www.auxcinephilesdeleau.com\/wp-content\/uploads\/2018\/12\/DSC00027-1024x576.jpg 1024w, https:\/\/www.auxcinephilesdeleau.com\/wp-content\/uploads\/2018\/12\/DSC00027-600x338.jpg 600w\" sizes=\"(max-width: 1920px) 100vw, 1920px\" \/><\/a><p id=\"caption-attachment-3651\" class=\"wp-caption-text\">Balade au bord du Trieux \u00e0 l&rsquo;automne, quand il faisait encore beau !<\/p><\/div>\n<p align=\"JUSTIFY\">\n<p style=\"margin-bottom: 0cm;\" align=\"JUSTIFY\">Quand \u00e0 moi, je suis plong\u00e9e dans la r\u00e9alisation de mon futur film sur notre voyage, et c&rsquo;est une nouvelle aventure dans laquelle je m&#8217;embarque\u00a0! J&rsquo;ai d&rsquo;abord r\u00e9dig\u00e9 un dossier pour d\u00e9poser des demandes d&rsquo;aide \u00e0 l&rsquo;\u00e9criture, la prochaine \u00e9tape sera de convaincre une soci\u00e9t\u00e9 de production en Bretagne de soutenir mon film. Je suis \u00e9galement en plein d\u00e9rushage de mes nombreuses heures de prises de vues, j&rsquo;ai de quoi m&rsquo;occuper\u00a0! A la diff\u00e9rence du reste de la famille immerg\u00e9e dans un autre univers, moi je suis tous les jours plong\u00e9e dans des images du voyage, c&rsquo;est un peu d\u00e9calant\u00a0!<\/p>\n<p align=\"JUSTIFY\">\n<p style=\"margin-bottom: 0cm;\" align=\"JUSTIFY\">Avec Cin\u00e9 SearCus, on a jou\u00e9 fin septembre \u00e0 l&rsquo;occasion du festival intergalactique des bateaux-spectacles. C&rsquo;\u00e9tait un week-end compl\u00e8tement fou, il y a eu un monde de dingue, c&rsquo;\u00e9tait incroyable ! On a pu faire la connaissance de pleins d&rsquo;autres projets culturels en bateau, \u00e7a nous a fait du bien de nous connecter ! Apr\u00e8s avoir suivi de loin pendant plusieurs ann\u00e9es le projet de \u00ab\u00a0La Loupiote\u00a0\u00bb (Delphine, Franck et leurs deux filles ont fait un tour du monde \u00e0 la voile pendant 13 ans, faisant du spectacle sur leur bateau), on a enfin pu les rencontrer !! On a bien-s\u00fbr rencontr\u00e9 une bonne partie de l&rsquo;\u00e9quipe de Festina Lente, retrouv\u00e9 \u00ab\u00a0Honky Tonk\u00a0\u00bb, le voilier \u00ab\u00a0Djelali\u00a0\u00bb&#8230;<\/p>\n<p style=\"margin-bottom: 0cm;\" align=\"JUSTIFY\">On a jou\u00e9 notre cin\u00e9-spectacle le samedi soir, je crois qu&rsquo;on n&rsquo;avait jamais eu une jauge aussi grande mais malheureusement, on n&rsquo;a pas pris de photos donc je ne peux pas vous montrer \u00e7a&#8230; L&rsquo;occasion pour moi de faire un nouvel appel, l\u00e0 aussi on ne sait jamais si quelqu&rsquo;un nous a vu \u00e0 Locmiqu\u00e9lic et aurait pris quelques images, on est preneur\u00a0!<\/p>\n<p align=\"JUSTIFY\">\n<div id=\"attachment_3640\" style=\"width: 970px\" class=\"wp-caption aligncenter\"><a href=\"https:\/\/www.auxcinephilesdeleau.com\/wp-content\/uploads\/2018\/12\/FIBS-2.jpg\"><img aria-describedby=\"caption-attachment-3640\" decoding=\"async\" loading=\"lazy\" class=\"wp-image-3640 size-full\" src=\"https:\/\/www.auxcinephilesdeleau.com\/wp-content\/uploads\/2018\/12\/FIBS-2.jpg\" alt=\"\" width=\"960\" height=\"575\" srcset=\"https:\/\/www.auxcinephilesdeleau.com\/wp-content\/uploads\/2018\/12\/FIBS-2.jpg 960w, https:\/\/www.auxcinephilesdeleau.com\/wp-content\/uploads\/2018\/12\/FIBS-2-300x180.jpg 300w, https:\/\/www.auxcinephilesdeleau.com\/wp-content\/uploads\/2018\/12\/FIBS-2-768x460.jpg 768w, https:\/\/www.auxcinephilesdeleau.com\/wp-content\/uploads\/2018\/12\/FIBS-2-600x359.jpg 600w\" sizes=\"(max-width: 960px) 100vw, 960px\" \/><\/a><p id=\"caption-attachment-3640\" class=\"wp-caption-text\">Vue sur la foule du Festival Intergalactique des Bateaux-spectacles<\/p><\/div>\n<p align=\"JUSTIFY\">\n<p align=\"JUSTIFY\">On a aussi fait une magnifique soir\u00e9e de retour au port de Pontrieux. La m\u00e9t\u00e9o \u00e9tait au rendez-vous, vous \u00eates venus tr\u00e8s nombreux, c&rsquo;\u00e9tait beau \u00e0 voir et en m\u00eame temps assez frustrant car on n&rsquo;a pas pu profiter de tout le monde\u00a0! On a crois\u00e9 plus que vu la plupart d&rsquo;entre vous, mais c&rsquo;est le sort de ce genre de soir\u00e9e&#8230;<\/p>\n<div id='gallery-1' class='gallery galleryid-3639 gallery-columns-4 gallery-size-thumbnail'><dl class='gallery-item'>\n\t\t\t<dt class='gallery-icon landscape'>\n\t\t\t\t<a href='https:\/\/www.auxcinephilesdeleau.com\/?attachment_id=3642'><img width=\"150\" height=\"150\" src=\"https:\/\/www.auxcinephilesdeleau.com\/wp-content\/uploads\/2018\/12\/vlcsnap-2018-09-05-18h03m46s102-150x150.png\" class=\"attachment-thumbnail size-thumbnail\" alt=\"\" decoding=\"async\" loading=\"lazy\" \/><\/a>\n\t\t\t<\/dt><\/dl><dl class='gallery-item'>\n\t\t\t<dt class='gallery-icon landscape'>\n\t\t\t\t<a href='https:\/\/www.auxcinephilesdeleau.com\/?attachment_id=3641'><img width=\"150\" height=\"150\" src=\"https:\/\/www.auxcinephilesdeleau.com\/wp-content\/uploads\/2018\/12\/DSC00037-150x150.jpg\" class=\"attachment-thumbnail size-thumbnail\" alt=\"\" decoding=\"async\" loading=\"lazy\" \/><\/a>\n\t\t\t<\/dt><\/dl><dl class='gallery-item'>\n\t\t\t<dt class='gallery-icon landscape'>\n\t\t\t\t<a href='https:\/\/www.auxcinephilesdeleau.com\/?attachment_id=3643'><img width=\"150\" height=\"150\" src=\"https:\/\/www.auxcinephilesdeleau.com\/wp-content\/uploads\/2018\/12\/vlcsnap-2018-09-05-17h55m47s288-150x150.png\" class=\"attachment-thumbnail size-thumbnail\" alt=\"\" decoding=\"async\" loading=\"lazy\" \/><\/a>\n\t\t\t<\/dt><\/dl><dl class='gallery-item'>\n\t\t\t<dt class='gallery-icon landscape'>\n\t\t\t\t<a href='https:\/\/www.auxcinephilesdeleau.com\/?attachment_id=3644'><img width=\"150\" height=\"150\" src=\"https:\/\/www.auxcinephilesdeleau.com\/wp-content\/uploads\/2018\/12\/vlcsnap-2018-09-05-18h06m26s844-2-150x150.png\" class=\"attachment-thumbnail size-thumbnail\" alt=\"\" decoding=\"async\" loading=\"lazy\" \/><\/a>\n\t\t\t<\/dt><\/dl><br style=\"clear: both\" \/>\n\t\t<\/div>\n\n<p align=\"JUSTIFY\">\n<p style=\"margin-bottom: 0cm;\" align=\"JUSTIFY\">On devait jouer ce moi-ci \u00e0 l&rsquo;Elaboratoire \u00e0 Rennes, lieu collectif o\u00f9 habite Groben mais on a pr\u00e9f\u00e9r\u00e9 reporter la date en mars prochain. Par contre, on s&rsquo;est motiv\u00e9 \u00e0 monter le dernier court-m\u00e9trage de notre s\u00e9rie \u00ab\u00a0Le voyage en bateau, le r\u00eave&#8230; Mais pas que\u00a0!\u00a0\u00bb, tourn\u00e9 en Guadeloupe en mai dernier avec la plupart des copains de la tourn\u00e9e bateaux-spectacles.<\/p>\n<p style=\"text-align: left;\">Ce court-m\u00e9trage nous tenait \u00e0 c\u0153ur car il a cl\u00f4tur\u00e9 la fin de notre voyage et nous a permis de le finir en beaut\u00e9 ! Les 3 capitaines des 3 bateaux-spectacles, Micka, Paolo et Yann, sont mis \u00e0 \u00ab l\u2019h<span class=\"text_exposed_show\">onneur \u00bb car sans eux, rien n\u2019aurait \u00e9t\u00e9 possible !<br \/>\nUn gros merci \u00e0 tous les acteurs : Aurore, Micka, Sandra, Paolo, Surya, Ben, Yann, Pauline, Noanne, Titouan et Nila. <\/span>Les copains d\u00e9j\u00e0 partis \u00e9taient bien dans nos c\u0153urs pendant le tournage : Marion, David, Adria, Renaud, Dominique, Marie et Emilie.<br \/>\nMerci aussi aux cam\u00e9ramans improvis\u00e9s : C\u00e9line et Nino, Pierre et Pauline. Ce film a \u00e9t\u00e9 mis en musique la semaine derni\u00e8re par Ben (banjol\u00e9l\u00e9 et saxo) et Yann (derbouka).<\/p>\n<p style=\"margin-bottom: 0cm;\" align=\"JUSTIFY\">\u00a0Il est intitul\u00e9 \u00ab\u00a0La Man\u0153uvre\u00a0\u00bb, voyez plut\u00f4t\u00a0:<\/p>\n<div id=\"fb-root\"><\/div>\n<p><script async=\"1\" defer=\"1\" crossorigin=\"anonymous\" src=\"https:\/\/connect.facebook.net\/fr_FR\/sdk.js#xfbml=1&amp;version=v6.0\"><\/script><\/p>\n<div class=\"fb-video\" data-href=\"https:\/\/www.facebook.com\/cinesearcus\/videos\/366599870800093\/\" data-width=\"640\">\n<blockquote cite=\"https:\/\/www.facebook.com\/cinesearcus\/videos\/366599870800093\/\" class=\"fb-xfbml-parse-ignore\"><p><a href=\"https:\/\/www.facebook.com\/cinesearcus\/videos\/366599870800093\/\">La Man\u0153uvre<\/a><\/p>\n<p>Chose promis, chose due : voici le tout dernier \u00e9pisode de notre s\u00e9rie \u00ab Le voyage en bateau, le r\u00eave\u2026 Mais pas que ! \u00bb intitul\u00e9 \u00ab La Man\u0153uvre \u00bb.Ce court-m\u00e9trage nous tenait \u00e0 c\u0153ur car nous l\u2019avons tourn\u00e9 en Guadeloupe en mai dernier avec une grande partie de l\u2019\u00e9quipe des \u00ab Gip SearCus \u00bb avec laquelle nous avons organis\u00e9 une magnifique tourn\u00e9e antillaise \u00e0 3 (m\u00eame parfois 4) bateaux-spectacles.Les 3 capitaines des 3 bateaux-spectacles, Micka, Paolo et Yann, sont mis \u00e0 \u00ab l\u2019honneur \u00bb car sans eux, rien n\u2019aurait \u00e9t\u00e9 possible !Un gros merci \u00e0 tous les acteurs de \u00ab La Man\u0153uvre \u00bb : Aurore, Mickael, Sandra (Zazz\u00e0 Zazz\u00e0), Paolo, Surya, Ben, Yann, Pauline, Noanne, Titouan et Nila.Les copains d\u00e9j\u00e0 partis \u00e9taient bien dans nos c\u0153urs pendant le tournage : Marion, David (N\u00fa Gonzalez), Adria, Reno, Dominique, Marie et Emilie.Merci aussi aux cam\u00e9ramans improvis\u00e9s : Celine et Nino, Pierre et Pauline.Ce film a \u00e9t\u00e9 mis en musique au port de Pontrieux par Ben (banjol\u00e9l\u00e9 et saxo) et Yann (derbouka).Merci \u00e0 la Marina Saint-Fran\u00e7ois pour leur accueil ainsi, bien-s\u00fbr, qu\u2019\u00e0 Dominique, notre h\u00f4te merveilleuse.Enjoy, Disfruten !!Et partagez si \u00e7a vous plait !<\/p>\n<p>Publi\u00e9e par <a href=\"https:\/\/www.facebook.com\/cinesearcus\/\">Cin\u00e9 SearCus<\/a> sur Jeudi 13 d\u00e9cembre 2018<\/p><\/blockquote>\n<\/div>\n<p align=\"JUSTIFY\">\n<p style=\"margin-bottom: 0cm;\" align=\"JUSTIFY\">Je r\u00e9alise que je n&rsquo;avais pas mis en ligne les deux premiers de la s\u00e9rie, \u00ab\u00a0L&rsquo;\u00e9cole\u00a0\u00bb et \u00ab\u00a0L&rsquo;annexe\u00a0\u00bb\u00a0:<\/p>\n<div id=\"fb-root\"><\/div>\n<p><script async=\"1\" defer=\"1\" crossorigin=\"anonymous\" src=\"https:\/\/connect.facebook.net\/fr_FR\/sdk.js#xfbml=1&amp;version=v6.0\"><\/script><\/p>\n<div class=\"fb-video\" data-href=\"https:\/\/www.facebook.com\/cinesearcus\/videos\/2207927669443438\/\" data-width=\"640\">\n<blockquote cite=\"https:\/\/www.facebook.com\/cinesearcus\/videos\/2207927669443438\/\" class=\"fb-xfbml-parse-ignore\"><p><a href=\"https:\/\/www.facebook.com\/cinesearcus\/videos\/2207927669443438\/\">L&#039;\u00e9cole au bateau, chez Cin\u00e9 SearCus !<\/a><\/p>\n<p>Premier \u00e9pisode de la mini-s\u00e9rie &quot;Le voyage en bateau, le r\u00eave&#8230; mais pas que !&quot;R\u00e9alis\u00e9 aux Antilles cette ann\u00e9e pour \u00eatre inclu \u00e0 la programmation du cin\u00e9-spectacle &quot;Cin\u00e9 SearCus&quot;Avec Noanne\/Titouan\/Yann Illien, Pauline Le P\u00e9culier et l&#039;aide de Beno\u00eet Gu\u00e9rinPrise de vue : Renaud EletufeMontage : Pauline Le P\u00e9culierMusique : la fanfare des Gyp SearCus !! Avec Aurore \u00e0 la fl\u00fbte traversi\u00e8re, Sandra au tuba et percussion, Paolo \u00e0 la trompette, Yann \u00e0 l&#039;accord\u00e9on<\/p>\n<p>Publi\u00e9e par <a href=\"https:\/\/www.facebook.com\/cinesearcus\/\">Cin\u00e9 SearCus<\/a> sur Jeudi 20 septembre 2018<\/p><\/blockquote>\n<\/div>\n<div id=\"fb-root\"><\/div>\n<p><script async=\"1\" defer=\"1\" crossorigin=\"anonymous\" src=\"https:\/\/connect.facebook.net\/fr_FR\/sdk.js#xfbml=1&amp;version=v6.0\"><\/script><\/p>\n<div class=\"fb-video\" data-href=\"https:\/\/www.facebook.com\/cinesearcus\/videos\/488227565027676\/\" data-width=\"640\">\n<blockquote cite=\"https:\/\/www.facebook.com\/cinesearcus\/videos\/488227565027676\/\" class=\"fb-xfbml-parse-ignore\"><p><a href=\"https:\/\/www.facebook.com\/cinesearcus\/videos\/488227565027676\/\">L&#039;annexe<\/a><\/p>\n<p>Deuxi\u00e8me \u00e9pisode de notre mini-s\u00e9rie &quot;Le voyage en bateau, le r\u00eave&#8230; Mais pas que !&quot;Encore un film qui a \u00e9t\u00e9 inspir\u00e9 de faits r\u00e9els&#8230; Et on a parfois tellement gal\u00e9r\u00e9 \u00e0 d\u00e9marrer ce moteur, qu&#039;on s&#039;\u00e9tait dit qu&#039;il fallait en faire un film !A voir jusqu&#039;au bout !<\/p>\n<p>Publi\u00e9e par <a href=\"https:\/\/www.facebook.com\/cinesearcus\/\">Cin\u00e9 SearCus<\/a> sur Mercredi 10 octobre 2018<\/p><\/blockquote>\n<\/div>\n<p align=\"JUSTIFY\">\n<p style=\"margin-bottom: 0cm;\" align=\"JUSTIFY\">Ces petits films humoristiques sont int\u00e9gr\u00e9s \u00e0 notre cin\u00e9-spectacle, on aimerait en r\u00e9aliser un autre sur notre retour en Bretagne&#8230;<\/p>\n<p style=\"margin-bottom: 0cm;\" align=\"JUSTIFY\">On s&rsquo;imagine aussi se faire une petite r\u00e9sidence par chez nous avant de repartir jouer notre cin\u00e9ma d\u00e9jant\u00e9 sur les routes&#8230; \u00e7a va changer de l&rsquo;univers du bateau mais on a envie de confronter notre spectacle \u00e0 un autre milieu, voir comment il est accueilli hors contexte du voyage en voilier. On est ouvert aux \u00e9changes et cette suite s&rsquo;annonce tout aussi riche.<\/p>\n<p style=\"margin-bottom: 0cm;\" align=\"JUSTIFY\">\u00c7a va commencer d&rsquo;ici peu car un festival de voyage \u00e0 Avignon nous propose de venir jouer le premier week-end des vacances de f\u00e9vrier. Cin\u00e9 SearCus en famille se pr\u00e9pare ainsi \u00e0 partir pour une petite tourn\u00e9e dans le sud\u00a0! On aimerait se rendre dans la Dr\u00f4me pour retrouver des copains et en profiter pour jouer l\u00e0-bas&#8230; Qui aurait des contacts\u00a0?!?<\/p>\n<p align=\"JUSTIFY\">\n<p style=\"margin-bottom: 0cm;\" align=\"JUSTIFY\">L&rsquo;autre nouvelle (ah mais j&rsquo;en avais des choses \u00e0 dire!), c&rsquo;est qu&rsquo;il va y avoir un reportage sur \u00ab\u00a0Cin\u00e9 SearCus\u00a0\u00bb (et plus largement sur les projets en bateaux-spectacle) diffus\u00e9 dans le magazine \u00ab\u00a0Littoral\u00a0\u00bb sur France3 Bretagne, attention\u00a0!! L&rsquo;\u00e9quipe de tournage vient nous filmer \u00e0 Pontrieux d\u00e9but f\u00e9vrier pour 5 jours. On organisera un \u00ab\u00a0Cin\u00e9 SearCus\u00a0\u00bb le mercredi 6 f\u00e9vrier \u00e0 la Fabrique \u00e0 Paroles \u00e0 Paimpol.<\/p>\n<p style=\"margin-bottom: 0cm;\" align=\"JUSTIFY\">Pour conclure, l&rsquo;id\u00e9e ensuite est de tourner dans les C\u00f4tes d&rsquo;Armor au printemps prochain mais imaginez-vous bien qu&rsquo;avec tout \u00e7a, je n&rsquo;ai pas encore eu le temps de m&rsquo;en occuper\u00a0!!<\/p>\n<p align=\"JUSTIFY\">\n<p style=\"margin-bottom: 0cm;\" align=\"JUSTIFY\">Voil\u00e0 pour ces nouvelles, qui au final, ressemble \u00e0 une liste de requ\u00eate\u00a0! En effet, j&rsquo;aurai pu faire ma liste pour le p\u00e8re no\u00ebl, \u00e7a aurait pu ressembler \u00e0 cela\u00a0:<\/p>\n<p style=\"margin-bottom: 0cm;\" align=\"JUSTIFY\">\u00ab\u00a0Cher p\u00e8re no\u00ebl, cette ann\u00e9e nous aimerions\u00a0:<\/p>\n<ul>\n<li>\n<p style=\"margin-bottom: 0cm;\" align=\"JUSTIFY\">un(e) acheteur(se) pour notre voilier<\/p>\n<\/li>\n<li>\n<p style=\"margin-bottom: 0cm;\" align=\"JUSTIFY\">une location pour pas se retrouver sans toit quand Dominao sera vendu<\/p>\n<\/li>\n<li>\n<p style=\"margin-bottom: 0cm;\" align=\"JUSTIFY\">des dates dans la Dr\u00f4me ou ses alentours entre le 11 et le 24 f\u00e9vrier<\/p>\n<\/li>\n<li>\n<p style=\"margin-bottom: 0cm;\" align=\"JUSTIFY\">des dates en Bretagne en printemps\/\u00e9t\u00e9<\/p>\n<\/li>\n<li>\n<p style=\"margin-bottom: 0cm;\" align=\"JUSTIFY\">une soci\u00e9t\u00e9 de production en Bretagne ou ailleurs<\/p>\n<\/li>\n<li>\n<p style=\"margin-bottom: 0cm;\" align=\"JUSTIFY\">un hangar collectif pour pouvoir travailler, un caf\u00e9-asso pour continuer la dynamique associative, un terrain constructible au bord de la mer&#8230;\u00a0\u00a0\u00a0\u00a0\u00a0\u00a0\u00a0\u00a0\u00a0\u00a0\u00a0\u00a0\u00a0\u00a0\u00a0\u00a0\u00a0\u00a0\u00a0\u00a0\u00a0\u00a0\u00a0\u00a0\u00a0\u00a0\u00a0\u00a0\u00a0\u00a0\u00a0\u00a0\u00a0\u00a0\u00a0\u00a0\u00a0\u00a0\u00a0\u00a0\u00a0\u00a0\u00a0\u00a0\u00a0\u00a0\u00a0\u00a0\u00a0\u00a0\u00a0\u00a0 P\u00e8re no\u00ebl, nous avons conscience que la liste est longue mais si on pouvait en avoir deux ou trois, on serait d\u00e9j\u00e0 tr\u00e8s content\u00a0!<\/p>\n<\/li>\n<\/ul>\n<p style=\"margin-bottom: 0cm;\" align=\"JUSTIFY\">Merci d&rsquo;avance<\/p>\n<p style=\"margin-bottom: 0cm;\" align=\"JUSTIFY\">La famille Cin\u00e9 SearCus\u00a0\u00bb<\/p>\n<p align=\"JUSTIFY\">\n<p style=\"margin-bottom: 0cm;\" align=\"JUSTIFY\">Allez, je commence \u00e0 d\u00e9railler, il est temps de vous laisser\u00a0!<\/p>\n<p align=\"JUSTIFY\">\n<p style=\"margin-bottom: 0cm;\" align=\"JUSTIFY\">On esp\u00e8re que vous vous portez bien, on vous souhaite de bonnes f\u00eates de fin d&rsquo;ann\u00e9e \u00e0 tous, quelles qu&rsquo;elles soient. Moi, j&rsquo;ai pass\u00e9 no\u00ebl dernier \u00e0 l\u2019h\u00f4pital de Saint Georges sur l&rsquo;\u00eele de Grenade donc \u00e0 priori, \u00e7a devrait \u00eatre mieux\u00a0!<\/p>\n<p align=\"JUSTIFY\">\n<p style=\"margin-bottom: 0cm;\" align=\"JUSTIFY\">On vous embrasse et \u00e0 l&rsquo;ann\u00e9e prochaine\u00a0!!!<\/p>\n<p align=\"JUSTIFY\">\n<p align=\"JUSTIFY\">PS : On a retrouv\u00e9 cette photo chez nos amis du voilier \u00ab\u00a0Go\u00e9lane\u00a0\u00bb revenus \u00e9galement en Bretagne cet \u00e9t\u00e9. Cette photo a \u00e9t\u00e9 prise il y a 10 ans, lors d&rsquo;une projection en Casamance avec le projet du bateau-cin\u00e9ma. Heureusement que la photo est un peu floue, comme \u00e7a on peut dire qu&rsquo;on n&rsquo;a pas pris une ride&#8230; La petite blanche au milieu c&rsquo;est Youna, la fille de Katell et Ju de Go\u00e9lane. Elle est aujourd&rsquo;hui en seconde et nous a interview\u00e9 sur le th\u00e8me du voyage pour la radio universitaire de Brest, le temps passe&#8230;<\/p>\n<div id=\"attachment_3658\" style=\"width: 2570px\" class=\"wp-caption aligncenter\"><a href=\"https:\/\/www.auxcinephilesdeleau.com\/wp-content\/uploads\/2018\/12\/photo-souvenir-proj-bateau-cine\u0301-Casamance.jpg\"><img aria-describedby=\"caption-attachment-3658\" decoding=\"async\" loading=\"lazy\" class=\"wp-image-3658 size-full\" src=\"https:\/\/www.auxcinephilesdeleau.com\/wp-content\/uploads\/2018\/12\/photo-souvenir-proj-bateau-cine\u0301-Casamance.jpg\" alt=\"\" width=\"2560\" height=\"1536\" srcset=\"https:\/\/www.auxcinephilesdeleau.com\/wp-content\/uploads\/2018\/12\/photo-souvenir-proj-bateau-cine\u0301-Casamance.jpg 2560w, https:\/\/www.auxcinephilesdeleau.com\/wp-content\/uploads\/2018\/12\/photo-souvenir-proj-bateau-cine\u0301-Casamance-300x180.jpg 300w, https:\/\/www.auxcinephilesdeleau.com\/wp-content\/uploads\/2018\/12\/photo-souvenir-proj-bateau-cine\u0301-Casamance-768x461.jpg 768w, https:\/\/www.auxcinephilesdeleau.com\/wp-content\/uploads\/2018\/12\/photo-souvenir-proj-bateau-cine\u0301-Casamance-1024x614.jpg 1024w, https:\/\/www.auxcinephilesdeleau.com\/wp-content\/uploads\/2018\/12\/photo-souvenir-proj-bateau-cine\u0301-Casamance-600x360.jpg 600w\" sizes=\"(max-width: 2560px) 100vw, 2560px\" \/><\/a><p id=\"caption-attachment-3658\" class=\"wp-caption-text\">2008 &#8211; Niomoune &#8211; Casamance &#8211; projection pour enfants<\/p><\/div>\n","protected":false},"excerpt":{"rendered":"<p>Demat d&rsquo;an holl (et oui, faut bien se mettre un peu au breton maintenant qu&rsquo;on est de retour)\u00a0! je me suis dit qu&rsquo;il \u00e9tait temps, apr\u00e8s une longue absence, de vous donner quelques nouvelles\u00a0! Tout d&rsquo;abord, pas d&rsquo;inqui\u00e9tude, nous allons &hellip; <a href=\"https:\/\/www.auxcinephilesdeleau.com\/?p=3639\">Continuer la lecture <span class=\"meta-nav\">&rarr;<\/span><\/a><\/p>\n","protected":false},"author":3,"featured_media":0,"comment_status":"open","ping_status":"open","sticky":false,"template":"","format":"standard","meta":{"_mi_skip_tracking":false,"_monsterinsights_sitenote_active":false,"_monsterinsights_sitenote_note":"","_monsterinsights_sitenote_category":0,"footnotes":""},"categories":[4,23],"tags":[],"_links":{"self":[{"href":"https:\/\/www.auxcinephilesdeleau.com\/index.php?rest_route=\/wp\/v2\/posts\/3639"}],"collection":[{"href":"https:\/\/www.auxcinephilesdeleau.com\/index.php?rest_route=\/wp\/v2\/posts"}],"about":[{"href":"https:\/\/www.auxcinephilesdeleau.com\/index.php?rest_route=\/wp\/v2\/types\/post"}],"author":[{"embeddable":true,"href":"https:\/\/www.auxcinephilesdeleau.com\/index.php?rest_route=\/wp\/v2\/users\/3"}],"replies":[{"embeddable":true,"href":"https:\/\/www.auxcinephilesdeleau.com\/index.php?rest_route=%2Fwp%2Fv2%2Fcomments&post=3639"}],"version-history":[{"count":12,"href":"https:\/\/www.auxcinephilesdeleau.com\/index.php?rest_route=\/wp\/v2\/posts\/3639\/revisions"}],"predecessor-version":[{"id":3771,"href":"https:\/\/www.auxcinephilesdeleau.com\/index.php?rest_route=\/wp\/v2\/posts\/3639\/revisions\/3771"}],"wp:attachment":[{"href":"https:\/\/www.auxcinephilesdeleau.com\/index.php?rest_route=%2Fwp%2Fv2%2Fmedia&parent=3639"}],"wp:term":[{"taxonomy":"category","embeddable":true,"href":"https:\/\/www.auxcinephilesdeleau.com\/index.php?rest_route=%2Fwp%2Fv2%2Fcategories&post=3639"},{"taxonomy":"post_tag","embeddable":true,"href":"https:\/\/www.auxcinephilesdeleau.com\/index.php?rest_route=%2Fwp%2Fv2%2Ftags&post=3639"}],"curies":[{"name":"wp","href":"https:\/\/api.w.org\/{rel}","templated":true}]}}