{"id":4051,"date":"2021-06-12T12:57:21","date_gmt":"2021-06-12T11:57:21","guid":{"rendered":"https:\/\/www.auxcinephilesdeleau.com\/?p=4051"},"modified":"2021-06-12T15:29:06","modified_gmt":"2021-06-12T14:29:06","slug":"sortie-au-cinema-du-film-sur-cine-searcus-et-autres-nouvelles","status":"publish","type":"post","link":"https:\/\/www.auxcinephilesdeleau.com\/?p=4051","title":{"rendered":"Sortie au cin\u00e9ma du film sur Cin\u00e9 SearCus et autres nouvelles"},"content":{"rendered":"\n<p>Bonjour \u00e0 tous,<\/p>\n\n\n\n<p>Les nouvelles se font rares depuis notre retour sur la terre ferme ! On a repris le train-train de la vie quotidienne et le temps passe&#8230; Il faut dire que le temps s&rsquo;\u00e9tait un peu suspendu avec ces histoires de confinements, surtout en ce qui concerne les activit\u00e9s culturelles ! C&rsquo;est comme \u00e7a que les projections du film \u00ab\u00a0Cin\u00e9 SearCus, un r\u00eave collectif\u00a0\u00bb ont \u00e9t\u00e9 report\u00e9es, quelle bonne id\u00e9e de sortir ce film une semaine avant la fermeture de tous les lieux culturels&#8230; Il a donc bien confin\u00e9 tout l&rsquo;hiver comme nous tous ! <\/p>\n\n\n\n<p>J&rsquo;ai quand m\u00eame pu organiser quelques projections dans les coll\u00e8ges : une \u00e0 Pontrieux et trois \u00e0 Guingamp :<\/p>\n\n\n\n<figure class=\"wp-block-image size-large is-resized is-style-default\"><img decoding=\"async\" loading=\"lazy\" src=\"https:\/\/www.auxcinephilesdeleau.com\/wp-content\/uploads\/2021\/06\/seance-scolaire-guingamp-1-1024x473.jpg\" alt=\"\" class=\"wp-image-4076\" width=\"768\" height=\"355\" srcset=\"https:\/\/www.auxcinephilesdeleau.com\/wp-content\/uploads\/2021\/06\/seance-scolaire-guingamp-1-1024x473.jpg 1024w, https:\/\/www.auxcinephilesdeleau.com\/wp-content\/uploads\/2021\/06\/seance-scolaire-guingamp-1-300x139.jpg 300w, https:\/\/www.auxcinephilesdeleau.com\/wp-content\/uploads\/2021\/06\/seance-scolaire-guingamp-1-768x355.jpg 768w, https:\/\/www.auxcinephilesdeleau.com\/wp-content\/uploads\/2021\/06\/seance-scolaire-guingamp-1-600x277.jpg 600w, https:\/\/www.auxcinephilesdeleau.com\/wp-content\/uploads\/2021\/06\/seance-scolaire-guingamp-1-1536x710.jpg 1536w, https:\/\/www.auxcinephilesdeleau.com\/wp-content\/uploads\/2021\/06\/seance-scolaire-guingamp-1-2048x946.jpg 2048w, https:\/\/www.auxcinephilesdeleau.com\/wp-content\/uploads\/2021\/06\/seance-scolaire-guingamp-1-1320x610.jpg 1320w\" sizes=\"(max-width: 768px) 100vw, 768px\" \/><\/figure>\n\n\n\n<p><a href=\"https:\/\/www.letelegramme.fr\/cotes-darmor\/graces\/graces-dialogue-entre-les-eleves-de-5e-et-la-realisatrice-de-cine-searcus-28-05-2021-12757748.php\">https:\/\/www.letelegramme.fr\/cotes-darmor\/graces\/graces-dialogue-entre-les-eleves-de-5e-et-la-realisatrice-de-cine-searcus-28-05-2021-12757748.php<\/a><\/p>\n\n\n\n<p>Il fallait \u00eatre patiente et continuer \u00e0 y croire : sept mois apr\u00e8s sa programmation initiale en novembre dernier, le documentaire sur notre projet fait sa sortie au cin\u00e9ma de Guingamp le lundi 14 juin \u00e0 20h30 :<\/p>\n\n\n\n<div class=\"wp-block-image is-style-default\"><figure class=\"aligncenter size-large is-resized\"><img decoding=\"async\" loading=\"lazy\" src=\"https:\/\/www.auxcinephilesdeleau.com\/wp-content\/uploads\/2021\/06\/Cine\u0301-Searcus-affiche-guingamp-724x1024.jpg\" alt=\"\" class=\"wp-image-4052\" width=\"360\" height=\"508\" srcset=\"https:\/\/www.auxcinephilesdeleau.com\/wp-content\/uploads\/2021\/06\/Cine\u0301-Searcus-affiche-guingamp-724x1024.jpg 724w, https:\/\/www.auxcinephilesdeleau.com\/wp-content\/uploads\/2021\/06\/Cine\u0301-Searcus-affiche-guingamp-212x300.jpg 212w, https:\/\/www.auxcinephilesdeleau.com\/wp-content\/uploads\/2021\/06\/Cine\u0301-Searcus-affiche-guingamp-768x1086.jpg 768w, https:\/\/www.auxcinephilesdeleau.com\/wp-content\/uploads\/2021\/06\/Cine\u0301-Searcus-affiche-guingamp-600x849.jpg 600w, https:\/\/www.auxcinephilesdeleau.com\/wp-content\/uploads\/2021\/06\/Cine\u0301-Searcus-affiche-guingamp-1086x1536.jpg 1086w, https:\/\/www.auxcinephilesdeleau.com\/wp-content\/uploads\/2021\/06\/Cine\u0301-Searcus-affiche-guingamp-1448x2048.jpg 1448w, https:\/\/www.auxcinephilesdeleau.com\/wp-content\/uploads\/2021\/06\/Cine\u0301-Searcus-affiche-guingamp-1320x1867.jpg 1320w, https:\/\/www.auxcinephilesdeleau.com\/wp-content\/uploads\/2021\/06\/Cine\u0301-Searcus-affiche-guingamp.jpg 1754w\" sizes=\"(max-width: 360px) 100vw, 360px\" \/><\/figure><\/div>\n\n\n\n<p>La projection au Vox \u00e0 Mayenne, initialement pr\u00e9vue le 30 octobre 2020, sera report\u00e9e le vendredi 10 septembre 2021, \u00e0 20h30, \u00e0 vos agendas amis mayennais !<\/p>\n\n\n\n<figure class=\"wp-block-image size-large is-resized is-style-default\"><img decoding=\"async\" loading=\"lazy\" src=\"https:\/\/www.auxcinephilesdeleau.com\/wp-content\/uploads\/2021\/06\/affiche-mayenne-report-1024x576.jpg\" alt=\"\" class=\"wp-image-4056\" width=\"598\" height=\"335\" srcset=\"https:\/\/www.auxcinephilesdeleau.com\/wp-content\/uploads\/2021\/06\/affiche-mayenne-report-1024x576.jpg 1024w, https:\/\/www.auxcinephilesdeleau.com\/wp-content\/uploads\/2021\/06\/affiche-mayenne-report-300x169.jpg 300w, https:\/\/www.auxcinephilesdeleau.com\/wp-content\/uploads\/2021\/06\/affiche-mayenne-report-768x432.jpg 768w, https:\/\/www.auxcinephilesdeleau.com\/wp-content\/uploads\/2021\/06\/affiche-mayenne-report-1536x864.jpg 1536w, https:\/\/www.auxcinephilesdeleau.com\/wp-content\/uploads\/2021\/06\/affiche-mayenne-report.jpg 1920w\" sizes=\"(max-width: 598px) 100vw, 598px\" \/><\/figure>\n\n\n\n<p>J&rsquo;ai \u00e9galement inscrit le film dans quelques festivals de films de voyage d&rsquo;ici la fin de l&rsquo;ann\u00e9e et j&rsquo;ai d\u00e9j\u00e0 deux r\u00e9ponses positives : Cin\u00e9 SearCus sera projet\u00e9 le dimanche 10 octobre \u00e0 11h \u00e0 Lorient, \u00e0 la cit\u00e9 de la voile Eric Tabarly \u00e0 l&rsquo;occasion du festival les Aventuriers de la Mer. Nous sommes \u00e9galement attendus fin septembre pour un festival \u00e0 Montpellier ! Ce sera officiel d&rsquo;ici quelques jours, on vous en dit plus prochainement&#8230;<\/p>\n\n\n\n<p>Yann, quant \u00e0 lui, n&rsquo;a pas chaum\u00e9 ces derniers mois et vient d&rsquo;achever la construction de notre premi\u00e8re tiny house ! Le projet est d&rsquo;habiter dans deux tiny houses rejointes et formant un L. Celle-ci est pour l&rsquo;instant ferm\u00e9e pour \u00eatre autonome en attendant d&rsquo;\u00eatre raccord\u00e9e \u00e0 la seconde. Yann a bien tripp\u00e9 sur les plans et a m\u00eame con\u00e7u un toit ouvrant :<\/p>\n\n\n\n<figure class=\"wp-block-image size-full is-resized is-style-default\"><img decoding=\"async\" loading=\"lazy\" src=\"https:\/\/www.auxcinephilesdeleau.com\/wp-content\/uploads\/2021\/06\/IMG_20210423_174611-scaled.jpg\" alt=\"\" class=\"wp-image-4053\" width=\"640\" height=\"296\" srcset=\"https:\/\/www.auxcinephilesdeleau.com\/wp-content\/uploads\/2021\/06\/IMG_20210423_174611-scaled.jpg 2560w, https:\/\/www.auxcinephilesdeleau.com\/wp-content\/uploads\/2021\/06\/IMG_20210423_174611-300x139.jpg 300w, https:\/\/www.auxcinephilesdeleau.com\/wp-content\/uploads\/2021\/06\/IMG_20210423_174611-1024x473.jpg 1024w, https:\/\/www.auxcinephilesdeleau.com\/wp-content\/uploads\/2021\/06\/IMG_20210423_174611-768x355.jpg 768w, https:\/\/www.auxcinephilesdeleau.com\/wp-content\/uploads\/2021\/06\/IMG_20210423_174611-600x277.jpg 600w, https:\/\/www.auxcinephilesdeleau.com\/wp-content\/uploads\/2021\/06\/IMG_20210423_174611-1536x710.jpg 1536w, https:\/\/www.auxcinephilesdeleau.com\/wp-content\/uploads\/2021\/06\/IMG_20210423_174611-2048x946.jpg 2048w, https:\/\/www.auxcinephilesdeleau.com\/wp-content\/uploads\/2021\/06\/IMG_20210423_174611-1320x610.jpg 1320w\" sizes=\"(max-width: 640px) 100vw, 640px\" \/><\/figure>\n\n\n\n<figure class=\"wp-block-image size-full is-resized is-style-default\"><img decoding=\"async\" loading=\"lazy\" src=\"https:\/\/www.auxcinephilesdeleau.com\/wp-content\/uploads\/2021\/06\/IMG_20210605_164905-scaled.jpg\" alt=\"\" class=\"wp-image-4054\" width=\"640\" height=\"296\" srcset=\"https:\/\/www.auxcinephilesdeleau.com\/wp-content\/uploads\/2021\/06\/IMG_20210605_164905-scaled.jpg 2560w, https:\/\/www.auxcinephilesdeleau.com\/wp-content\/uploads\/2021\/06\/IMG_20210605_164905-300x139.jpg 300w, https:\/\/www.auxcinephilesdeleau.com\/wp-content\/uploads\/2021\/06\/IMG_20210605_164905-1024x473.jpg 1024w, https:\/\/www.auxcinephilesdeleau.com\/wp-content\/uploads\/2021\/06\/IMG_20210605_164905-768x355.jpg 768w, https:\/\/www.auxcinephilesdeleau.com\/wp-content\/uploads\/2021\/06\/IMG_20210605_164905-600x277.jpg 600w, https:\/\/www.auxcinephilesdeleau.com\/wp-content\/uploads\/2021\/06\/IMG_20210605_164905-1536x710.jpg 1536w, https:\/\/www.auxcinephilesdeleau.com\/wp-content\/uploads\/2021\/06\/IMG_20210605_164905-2048x946.jpg 2048w, https:\/\/www.auxcinephilesdeleau.com\/wp-content\/uploads\/2021\/06\/IMG_20210605_164905-1320x610.jpg 1320w\" sizes=\"(max-width: 640px) 100vw, 640px\" \/><\/figure>\n\n\n\n<figure class=\"wp-block-image size-full is-resized is-style-default\"><img decoding=\"async\" loading=\"lazy\" src=\"https:\/\/www.auxcinephilesdeleau.com\/wp-content\/uploads\/2021\/06\/IMG_20210604_182701-scaled.jpg\" alt=\"\" class=\"wp-image-4055\" width=\"640\" height=\"296\" srcset=\"https:\/\/www.auxcinephilesdeleau.com\/wp-content\/uploads\/2021\/06\/IMG_20210604_182701-scaled.jpg 2560w, https:\/\/www.auxcinephilesdeleau.com\/wp-content\/uploads\/2021\/06\/IMG_20210604_182701-300x139.jpg 300w, https:\/\/www.auxcinephilesdeleau.com\/wp-content\/uploads\/2021\/06\/IMG_20210604_182701-1024x473.jpg 1024w, https:\/\/www.auxcinephilesdeleau.com\/wp-content\/uploads\/2021\/06\/IMG_20210604_182701-768x355.jpg 768w, https:\/\/www.auxcinephilesdeleau.com\/wp-content\/uploads\/2021\/06\/IMG_20210604_182701-600x277.jpg 600w, https:\/\/www.auxcinephilesdeleau.com\/wp-content\/uploads\/2021\/06\/IMG_20210604_182701-1536x710.jpg 1536w, https:\/\/www.auxcinephilesdeleau.com\/wp-content\/uploads\/2021\/06\/IMG_20210604_182701-2048x946.jpg 2048w, https:\/\/www.auxcinephilesdeleau.com\/wp-content\/uploads\/2021\/06\/IMG_20210604_182701-1320x610.jpg 1320w\" sizes=\"(max-width: 640px) 100vw, 640px\" \/><figcaption>Au passage, les bouilles de Titouan et Noanne qui ont bien grandi !<\/figcaption><\/figure>\n\n\n\n<p>Nous sommes toujours en location dans une maison \u00e0 Quemper-Guezennec et en attendant la construction de la seconde tiny, nous allons poser la premi\u00e8re dans notre jardin et la louer pour l&rsquo;\u00e9t\u00e9. Si vous connaissez des amis qui veulent venir passer un petit s\u00e9jour dans les C\u00f4tes d&rsquo;Armor et dormir dans une magnifique tiny house, n&rsquo;h\u00e9sitez pas \u00e0 nous contacter ! On sera pr\u00eats d&rsquo;ici une dizaine de jours donc pour plus de photos et l&rsquo;annonce de la location, on vous fait encore patienter un peu&#8230;<\/p>\n\n\n\n<p>Pour cet \u00e9t\u00e9, nous allons r\u00e9it\u00e9rer l&rsquo;\u00e9dition de la \u00ab\u00a0r\u00e9gate pirates\u00a0\u00bb. Ce sera du 10 au 15 ao\u00fbt dans l&rsquo;estuaire du Trieux. Le principe est toujours le m\u00eame : redescendre le Trieux pendant quelques jours, de Pontrieux \u00e0 l\u2019\u00eele de Br\u00e9hat, \u00e0 la voile ou \u00e0 la rame, dans la bonne humeur et l\u2019autogestion, \u00e0 faire seul, ou en famille, entre potes&#8230; Tout le monde peut venir profiter de cette free-party \u00e9cologique itin\u00e9rante sur l\u2019Estran, dans un esprit autonome et pas mal improvis\u00e9. Et si en plus, on y joue de la musique et des spectacles, c&rsquo;est encore mieux !<\/p>\n\n\n\n<p>Un autre bel \u00e9v\u00e8nement se pr\u00e9pare par chez nous, avec l&rsquo;\u00e9quipe motiv\u00e9e du Bal Mont\u00e9 : le festival des Noctambals \u00e0 Loguivy de la Mer, du 16 au 18 juillet. \u00ab\u00a0Cin\u00e9 SearCus, un r\u00eave collectif\u00a0\u00bb sera projet\u00e9 en ext\u00e9rieur le dimanche soir.<\/p>\n\n\n\n<figure class=\"wp-block-gallery columns-2 is-cropped wp-block-gallery-1 is-layout-flex wp-block-gallery-is-layout-flex\"><ul class=\"blocks-gallery-grid\"><li class=\"blocks-gallery-item\"><figure><img decoding=\"async\" loading=\"lazy\" width=\"724\" height=\"1024\" src=\"https:\/\/www.auxcinephilesdeleau.com\/wp-content\/uploads\/2021\/06\/affiche-noctambals-724x1024.jpg\" alt=\"\" data-id=\"4057\" class=\"wp-image-4057\" srcset=\"https:\/\/www.auxcinephilesdeleau.com\/wp-content\/uploads\/2021\/06\/affiche-noctambals-724x1024.jpg 724w, https:\/\/www.auxcinephilesdeleau.com\/wp-content\/uploads\/2021\/06\/affiche-noctambals-212x300.jpg 212w, https:\/\/www.auxcinephilesdeleau.com\/wp-content\/uploads\/2021\/06\/affiche-noctambals-768x1086.jpg 768w, https:\/\/www.auxcinephilesdeleau.com\/wp-content\/uploads\/2021\/06\/affiche-noctambals-600x849.jpg 600w, https:\/\/www.auxcinephilesdeleau.com\/wp-content\/uploads\/2021\/06\/affiche-noctambals.jpg 842w\" sizes=\"(max-width: 724px) 100vw, 724px\" \/><\/figure><\/li><li class=\"blocks-gallery-item\"><figure><img decoding=\"async\" loading=\"lazy\" width=\"488\" height=\"1024\" src=\"https:\/\/www.auxcinephilesdeleau.com\/wp-content\/uploads\/2021\/06\/prog-noctambals-488x1024.jpg\" alt=\"\" data-id=\"4066\" data-full-url=\"https:\/\/www.auxcinephilesdeleau.com\/wp-content\/uploads\/2021\/06\/prog-noctambals.jpg\" data-link=\"https:\/\/www.auxcinephilesdeleau.com\/?attachment_id=4066\" class=\"wp-image-4066\" srcset=\"https:\/\/www.auxcinephilesdeleau.com\/wp-content\/uploads\/2021\/06\/prog-noctambals-488x1024.jpg 488w, https:\/\/www.auxcinephilesdeleau.com\/wp-content\/uploads\/2021\/06\/prog-noctambals-143x300.jpg 143w, https:\/\/www.auxcinephilesdeleau.com\/wp-content\/uploads\/2021\/06\/prog-noctambals-768x1611.jpg 768w, https:\/\/www.auxcinephilesdeleau.com\/wp-content\/uploads\/2021\/06\/prog-noctambals-600x1259.jpg 600w, https:\/\/www.auxcinephilesdeleau.com\/wp-content\/uploads\/2021\/06\/prog-noctambals-732x1536.jpg 732w, https:\/\/www.auxcinephilesdeleau.com\/wp-content\/uploads\/2021\/06\/prog-noctambals.jpg 898w\" sizes=\"(max-width: 488px) 100vw, 488px\" \/><\/figure><\/li><\/ul><\/figure>\n\n\n\n<p>Autre belle soir\u00e9e pr\u00e9vue sur le site du Palacret \u00e0 B\u00e9gard le vendredi 23 juillet : en plus des spectacles de la compagnie \u00ab\u00a0Autre Direction\u00a0\u00bb et de la projection du film, Yann et Ben agr\u00e9menteront la soir\u00e9e de leur r\u00e9pertoire de musique du monde !<\/p>\n\n\n\n<figure class=\"wp-block-gallery columns-2 is-cropped wp-block-gallery-3 is-layout-flex wp-block-gallery-is-layout-flex\"><ul class=\"blocks-gallery-grid\"><li class=\"blocks-gallery-item\"><figure><img decoding=\"async\" loading=\"lazy\" width=\"724\" height=\"1024\" src=\"https:\/\/www.auxcinephilesdeleau.com\/wp-content\/uploads\/2021\/06\/SOIREE-VOYAGE-PALACRET-FLYER-RECTO-724x1024.jpg\" alt=\"\" data-id=\"4069\" data-link=\"https:\/\/www.auxcinephilesdeleau.com\/?attachment_id=4069\" class=\"wp-image-4069\" srcset=\"https:\/\/www.auxcinephilesdeleau.com\/wp-content\/uploads\/2021\/06\/SOIREE-VOYAGE-PALACRET-FLYER-RECTO-724x1024.jpg 724w, https:\/\/www.auxcinephilesdeleau.com\/wp-content\/uploads\/2021\/06\/SOIREE-VOYAGE-PALACRET-FLYER-RECTO-212x300.jpg 212w, https:\/\/www.auxcinephilesdeleau.com\/wp-content\/uploads\/2021\/06\/SOIREE-VOYAGE-PALACRET-FLYER-RECTO-768x1086.jpg 768w, https:\/\/www.auxcinephilesdeleau.com\/wp-content\/uploads\/2021\/06\/SOIREE-VOYAGE-PALACRET-FLYER-RECTO-600x849.jpg 600w, https:\/\/www.auxcinephilesdeleau.com\/wp-content\/uploads\/2021\/06\/SOIREE-VOYAGE-PALACRET-FLYER-RECTO-1086x1536.jpg 1086w, https:\/\/www.auxcinephilesdeleau.com\/wp-content\/uploads\/2021\/06\/SOIREE-VOYAGE-PALACRET-FLYER-RECTO-1448x2048.jpg 1448w, https:\/\/www.auxcinephilesdeleau.com\/wp-content\/uploads\/2021\/06\/SOIREE-VOYAGE-PALACRET-FLYER-RECTO-1320x1867.jpg 1320w, https:\/\/www.auxcinephilesdeleau.com\/wp-content\/uploads\/2021\/06\/SOIREE-VOYAGE-PALACRET-FLYER-RECTO.jpg 1587w\" sizes=\"(max-width: 724px) 100vw, 724px\" \/><\/figure><\/li><li class=\"blocks-gallery-item\"><figure><img decoding=\"async\" loading=\"lazy\" width=\"724\" height=\"1024\" src=\"https:\/\/www.auxcinephilesdeleau.com\/wp-content\/uploads\/2021\/06\/fly-palacret-verso-1-724x1024.jpg\" alt=\"\" data-id=\"4070\" data-full-url=\"https:\/\/www.auxcinephilesdeleau.com\/wp-content\/uploads\/2021\/06\/fly-palacret-verso-1.jpg\" data-link=\"https:\/\/www.auxcinephilesdeleau.com\/?attachment_id=4070\" class=\"wp-image-4070\" srcset=\"https:\/\/www.auxcinephilesdeleau.com\/wp-content\/uploads\/2021\/06\/fly-palacret-verso-1-724x1024.jpg 724w, https:\/\/www.auxcinephilesdeleau.com\/wp-content\/uploads\/2021\/06\/fly-palacret-verso-1-212x300.jpg 212w, https:\/\/www.auxcinephilesdeleau.com\/wp-content\/uploads\/2021\/06\/fly-palacret-verso-1-768x1086.jpg 768w, https:\/\/www.auxcinephilesdeleau.com\/wp-content\/uploads\/2021\/06\/fly-palacret-verso-1-600x849.jpg 600w, https:\/\/www.auxcinephilesdeleau.com\/wp-content\/uploads\/2021\/06\/fly-palacret-verso-1-1086x1536.jpg 1086w, https:\/\/www.auxcinephilesdeleau.com\/wp-content\/uploads\/2021\/06\/fly-palacret-verso-1-1448x2048.jpg 1448w, https:\/\/www.auxcinephilesdeleau.com\/wp-content\/uploads\/2021\/06\/fly-palacret-verso-1-1320x1867.jpg 1320w, https:\/\/www.auxcinephilesdeleau.com\/wp-content\/uploads\/2021\/06\/fly-palacret-verso-1.jpg 1587w\" sizes=\"(max-width: 724px) 100vw, 724px\" \/><\/figure><\/li><\/ul><\/figure>\n\n\n\n<p>Comme vous le voyez, plein de belles choses \u00e0 venir !<\/p>\n\n\n\n<p>\u00c0 bient\u00f4t pour compl\u00e9ter toutes ces nouvelles r\u00e9jouissantes.<\/p>\n\n\n\n<p>On vous embrasse.<\/p>\n\n\n\n<p>Pauline et Yann<\/p>\n","protected":false},"excerpt":{"rendered":"<p>Bonjour \u00e0 tous, Les nouvelles se font rares depuis notre retour sur la terre ferme ! On a repris le train-train de la vie quotidienne et le temps passe&#8230; Il faut dire que le temps s&rsquo;\u00e9tait un peu suspendu avec &hellip; <a href=\"https:\/\/www.auxcinephilesdeleau.com\/?p=4051\">Continuer la lecture <span class=\"meta-nav\">&rarr;<\/span><\/a><\/p>\n","protected":false},"author":3,"featured_media":0,"comment_status":"open","ping_status":"open","sticky":false,"template":"","format":"standard","meta":{"_mi_skip_tracking":false,"_monsterinsights_sitenote_active":false,"_monsterinsights_sitenote_note":"","_monsterinsights_sitenote_category":0,"footnotes":""},"categories":[27],"tags":[],"_links":{"self":[{"href":"https:\/\/www.auxcinephilesdeleau.com\/index.php?rest_route=\/wp\/v2\/posts\/4051"}],"collection":[{"href":"https:\/\/www.auxcinephilesdeleau.com\/index.php?rest_route=\/wp\/v2\/posts"}],"about":[{"href":"https:\/\/www.auxcinephilesdeleau.com\/index.php?rest_route=\/wp\/v2\/types\/post"}],"author":[{"embeddable":true,"href":"https:\/\/www.auxcinephilesdeleau.com\/index.php?rest_route=\/wp\/v2\/users\/3"}],"replies":[{"embeddable":true,"href":"https:\/\/www.auxcinephilesdeleau.com\/index.php?rest_route=%2Fwp%2Fv2%2Fcomments&post=4051"}],"version-history":[{"count":15,"href":"https:\/\/www.auxcinephilesdeleau.com\/index.php?rest_route=\/wp\/v2\/posts\/4051\/revisions"}],"predecessor-version":[{"id":4083,"href":"https:\/\/www.auxcinephilesdeleau.com\/index.php?rest_route=\/wp\/v2\/posts\/4051\/revisions\/4083"}],"wp:attachment":[{"href":"https:\/\/www.auxcinephilesdeleau.com\/index.php?rest_route=%2Fwp%2Fv2%2Fmedia&parent=4051"}],"wp:term":[{"taxonomy":"category","embeddable":true,"href":"https:\/\/www.auxcinephilesdeleau.com\/index.php?rest_route=%2Fwp%2Fv2%2Fcategories&post=4051"},{"taxonomy":"post_tag","embeddable":true,"href":"https:\/\/www.auxcinephilesdeleau.com\/index.php?rest_route=%2Fwp%2Fv2%2Ftags&post=4051"}],"curies":[{"name":"wp","href":"https:\/\/api.w.org\/{rel}","templated":true}]}}