{"id":4198,"date":"2022-12-09T10:28:16","date_gmt":"2022-12-09T09:28:16","guid":{"rendered":"https:\/\/www.auxcinephilesdeleau.com\/?p=4198"},"modified":"2022-12-09T10:31:00","modified_gmt":"2022-12-09T09:31:00","slug":"boutique-en-ligne-pour-noel","status":"publish","type":"post","link":"https:\/\/www.auxcinephilesdeleau.com\/?p=4198","title":{"rendered":"Boutique en ligne pour no\u00ebl"},"content":{"rendered":"\n<p>Bonjour tout le monde,<\/p>\n\n\n\n<p>un petit message pour vous rappeler que l&rsquo;association \u00ab\u00a0Aux Cin\u00e9philes de l&rsquo;eau\u00a0\u00bb a sa boutique en ligne, de quoi vous donner des id\u00e9es de cadeaux !<\/p>\n\n\n\n<p><a href=\"https:\/\/www.helloasso.com\/associations\/aux-cinephiles-de-l-eau\/evenements\/vente-de-livres-dvds-tee-shirts-sur-cine-searcus\" target=\"_blank\" rel=\"noreferrer noopener\">https:\/\/www.helloasso.com\/associations\/aux-cinephiles-de-l-eau\/evenements\/vente-de-livres-dvds-tee-shirts-sur-cine-searcus<\/a><\/p>\n\n\n\n<figure class=\"wp-block-gallery columns-1 is-cropped wp-block-gallery-1 is-layout-flex wp-block-gallery-is-layout-flex\"><ul class=\"blocks-gallery-grid\"><li class=\"blocks-gallery-item\"><figure><img decoding=\"async\" loading=\"lazy\" width=\"640\" height=\"480\" src=\"https:\/\/www.auxcinephilesdeleau.com\/wp-content\/uploads\/2020\/11\/pack-livre-DVD-2-cartes.jpg\" alt=\"\" data-id=\"3973\" data-full-url=\"https:\/\/www.auxcinephilesdeleau.com\/wp-content\/uploads\/2020\/11\/pack-livre-DVD-2-cartes.jpg\" data-link=\"https:\/\/www.auxcinephilesdeleau.com\/?attachment_id=3973\" class=\"wp-image-3973\" srcset=\"https:\/\/www.auxcinephilesdeleau.com\/wp-content\/uploads\/2020\/11\/pack-livre-DVD-2-cartes.jpg 640w, https:\/\/www.auxcinephilesdeleau.com\/wp-content\/uploads\/2020\/11\/pack-livre-DVD-2-cartes-300x225.jpg 300w, https:\/\/www.auxcinephilesdeleau.com\/wp-content\/uploads\/2020\/11\/pack-livre-DVD-2-cartes-600x450.jpg 600w\" sizes=\"(max-width: 640px) 100vw, 640px\" \/><\/figure><\/li><\/ul><\/figure>\n\n\n\n<p>Vous pouvez y retrouver le livre sur notre voyage ainsi que le dvd du film \u00ab\u00a0Cin\u00e9 SearCus, un r\u00eave collectif\u00a0\u00bb, mais aussi des tee-shirts, des cartes-postales&#8230; Et depuis peu, le DVD du documentaire \u00ab\u00a0Entre elles et les flots\u00a0\u00bb :<\/p>\n\n\n\n<figure class=\"wp-block-gallery columns-1 is-cropped wp-block-gallery-3 is-layout-flex wp-block-gallery-is-layout-flex\"><ul class=\"blocks-gallery-grid\"><li class=\"blocks-gallery-item\"><figure><img decoding=\"async\" loading=\"lazy\" width=\"1024\" height=\"684\" src=\"https:\/\/www.auxcinephilesdeleau.com\/wp-content\/uploads\/2022\/12\/jacquette-dvd-Entre-elles-et-les-flots-C-1024x684.jpg\" alt=\"\" data-id=\"4208\" data-full-url=\"https:\/\/www.auxcinephilesdeleau.com\/wp-content\/uploads\/2022\/12\/jacquette-dvd-Entre-elles-et-les-flots-C-scaled.jpg\" data-link=\"https:\/\/www.auxcinephilesdeleau.com\/?attachment_id=4208\" class=\"wp-image-4208\" srcset=\"https:\/\/www.auxcinephilesdeleau.com\/wp-content\/uploads\/2022\/12\/jacquette-dvd-Entre-elles-et-les-flots-C-1024x684.jpg 1024w, https:\/\/www.auxcinephilesdeleau.com\/wp-content\/uploads\/2022\/12\/jacquette-dvd-Entre-elles-et-les-flots-C-300x200.jpg 300w, https:\/\/www.auxcinephilesdeleau.com\/wp-content\/uploads\/2022\/12\/jacquette-dvd-Entre-elles-et-les-flots-C-768x513.jpg 768w, https:\/\/www.auxcinephilesdeleau.com\/wp-content\/uploads\/2022\/12\/jacquette-dvd-Entre-elles-et-les-flots-C-600x401.jpg 600w, https:\/\/www.auxcinephilesdeleau.com\/wp-content\/uploads\/2022\/12\/jacquette-dvd-Entre-elles-et-les-flots-C-1536x1026.jpg 1536w, https:\/\/www.auxcinephilesdeleau.com\/wp-content\/uploads\/2022\/12\/jacquette-dvd-Entre-elles-et-les-flots-C-2048x1367.jpg 2048w\" sizes=\"(max-width: 1024px) 100vw, 1024px\" \/><\/figure><\/li><\/ul><figcaption class=\"blocks-gallery-caption\">jaquette du dvd mise en page par Kevin Antoine tir\u00e9e des peintures d&rsquo;Agn\u00e8s Guillot<\/figcaption><\/figure>\n\n\n\n<p>Les deux dvd sont maintenant vendus avec un lien num\u00e9rique pour que les personnes n&rsquo;ayant pas de lecteur dvd puissent quand m\u00eame l&rsquo;acheter (pour les belles jaquettes ! ).<\/p>\n\n\n\n<p>Vous pouvez faire diff\u00e9rents lots, avec r\u00e9duction sur les frais de port. N&rsquo;h\u00e9sitez pas \u00e0 me contacter par mail si besoin : lepeculierpauline@hotmail.fr<\/p>\n\n\n\n<p>Depuis la sortie en septembre dernier du second film sur notre voyage, \u00ab\u00a0Entre elles et les flots\u00a0\u00bb, j&rsquo;ai accompagn\u00e9 bons nombres de projections. C&rsquo;\u00e9tait toujours superbe, avec de tr\u00e8s beaux retours, de riches \u00e9changes, un public parfois intimiste, parfois venu en nombre ! En voici un bel exemple en photos lors de la derni\u00e8re projection \u00e0 Murs-Erign\u00e9 en compagnie des copains du voilier \u00ab\u00a0La vie en rose\u00a0\u00bb. 157 personnes sont venues assister au film, projet\u00e9 \u00e0 l&rsquo;occasion du Mois du Doc, quelle foule, c&rsquo;\u00e9tait incroyable !<\/p>\n\n\n\n<div class=\"wp-block-group\"><div class=\"wp-block-group__inner-container is-layout-flow wp-block-group-is-layout-flow\">\n<figure class=\"wp-block-gallery columns-1 is-cropped wp-block-gallery-5 is-layout-flex wp-block-gallery-is-layout-flex\"><ul class=\"blocks-gallery-grid\"><li class=\"blocks-gallery-item\"><figure><img decoding=\"async\" loading=\"lazy\" width=\"1024\" height=\"768\" src=\"https:\/\/www.auxcinephilesdeleau.com\/wp-content\/uploads\/2022\/12\/20221126_205153-1-1024x768.jpg\" alt=\"\" data-id=\"4202\" data-full-url=\"https:\/\/www.auxcinephilesdeleau.com\/wp-content\/uploads\/2022\/12\/20221126_205153-1-scaled.jpg\" data-link=\"https:\/\/www.auxcinephilesdeleau.com\/?attachment_id=4202\" class=\"wp-image-4202\" srcset=\"https:\/\/www.auxcinephilesdeleau.com\/wp-content\/uploads\/2022\/12\/20221126_205153-1-1024x768.jpg 1024w, https:\/\/www.auxcinephilesdeleau.com\/wp-content\/uploads\/2022\/12\/20221126_205153-1-300x225.jpg 300w, https:\/\/www.auxcinephilesdeleau.com\/wp-content\/uploads\/2022\/12\/20221126_205153-1-768x576.jpg 768w, https:\/\/www.auxcinephilesdeleau.com\/wp-content\/uploads\/2022\/12\/20221126_205153-1-600x450.jpg 600w, https:\/\/www.auxcinephilesdeleau.com\/wp-content\/uploads\/2022\/12\/20221126_205153-1-1536x1152.jpg 1536w, https:\/\/www.auxcinephilesdeleau.com\/wp-content\/uploads\/2022\/12\/20221126_205153-1-2048x1536.jpg 2048w\" sizes=\"(max-width: 1024px) 100vw, 1024px\" \/><figcaption class=\"blocks-gallery-item__caption\">Thierry, Rosalie, Anne-No\u00ebl, Yann, Pauline, Titouan, Noanne<\/figcaption><\/figure><\/li><\/ul><\/figure>\n\n\n\n<figure class=\"wp-block-gallery columns-1 is-cropped wp-block-gallery-7 is-layout-flex wp-block-gallery-is-layout-flex\"><ul class=\"blocks-gallery-grid\"><li class=\"blocks-gallery-item\"><figure><img decoding=\"async\" loading=\"lazy\" width=\"1024\" height=\"473\" src=\"https:\/\/www.auxcinephilesdeleau.com\/wp-content\/uploads\/2022\/12\/IMG_20221126_204416-1024x473.jpg\" alt=\"\" data-id=\"4203\" class=\"wp-image-4203\" srcset=\"https:\/\/www.auxcinephilesdeleau.com\/wp-content\/uploads\/2022\/12\/IMG_20221126_204416-1024x473.jpg 1024w, https:\/\/www.auxcinephilesdeleau.com\/wp-content\/uploads\/2022\/12\/IMG_20221126_204416-300x139.jpg 300w, https:\/\/www.auxcinephilesdeleau.com\/wp-content\/uploads\/2022\/12\/IMG_20221126_204416-768x355.jpg 768w, https:\/\/www.auxcinephilesdeleau.com\/wp-content\/uploads\/2022\/12\/IMG_20221126_204416-600x277.jpg 600w, https:\/\/www.auxcinephilesdeleau.com\/wp-content\/uploads\/2022\/12\/IMG_20221126_204416-1536x710.jpg 1536w, https:\/\/www.auxcinephilesdeleau.com\/wp-content\/uploads\/2022\/12\/IMG_20221126_204416-2048x946.jpg 2048w\" sizes=\"(max-width: 1024px) 100vw, 1024px\" \/><\/figure><\/li><\/ul><\/figure>\n<\/div><\/div>\n\n\n\n<p>Lors de la projection \u00e0 Lampaul Plouarzel avec Justine et Katell (toutes deux interview\u00e9es dans le film), le public \u00e9tait \u00e9galement venu nombreux, plus de 70 personnes. Un journaliste a r\u00e9dig\u00e9 un article sur la soir\u00e9e : <\/p>\n\n\n\n<p><a href=\"https:\/\/www.letelegramme.fr\/finistere\/lampaul-plouarzel\/a-lampaul-plouarzel-une-seance-cine-rencontre-avec-la-realisatrice-de-documentaires-pauline-le-peculier-29-10-2022-13210565.php?share_auth=b183abe45611caa7358999b4a98ebc9e\" target=\"_blank\" rel=\"noreferrer noopener\">https:\/\/www.letelegramme.fr\/finistere\/lampaul-plouarzel\/a-lampaul-plouarzel-une-seance-cine-rencontre-avec-la-realisatrice-de-documentaires-pauline-le-peculier-29-10-2022-13210565.php?share_auth=b183abe45611caa7358999b4a98ebc9e<\/a><\/p>\n\n\n\n<figure class=\"wp-block-gallery columns-1 is-cropped wp-block-gallery-10 is-layout-flex wp-block-gallery-is-layout-flex\"><ul class=\"blocks-gallery-grid\"><li class=\"blocks-gallery-item\"><figure><img decoding=\"async\" loading=\"lazy\" width=\"676\" height=\"404\" src=\"https:\/\/www.auxcinephilesdeleau.com\/wp-content\/uploads\/2022\/12\/titouan-yann-pauline-et-noame-ont-vecu-trois-ans-sur-le_6994693_676x404p.jpg\" alt=\"\" data-id=\"4204\" data-full-url=\"https:\/\/www.auxcinephilesdeleau.com\/wp-content\/uploads\/2022\/12\/titouan-yann-pauline-et-noame-ont-vecu-trois-ans-sur-le_6994693_676x404p.jpg\" data-link=\"https:\/\/www.auxcinephilesdeleau.com\/?attachment_id=4204\" class=\"wp-image-4204\" srcset=\"https:\/\/www.auxcinephilesdeleau.com\/wp-content\/uploads\/2022\/12\/titouan-yann-pauline-et-noame-ont-vecu-trois-ans-sur-le_6994693_676x404p.jpg 676w, https:\/\/www.auxcinephilesdeleau.com\/wp-content\/uploads\/2022\/12\/titouan-yann-pauline-et-noame-ont-vecu-trois-ans-sur-le_6994693_676x404p-300x179.jpg 300w, https:\/\/www.auxcinephilesdeleau.com\/wp-content\/uploads\/2022\/12\/titouan-yann-pauline-et-noame-ont-vecu-trois-ans-sur-le_6994693_676x404p-600x359.jpg 600w\" sizes=\"(max-width: 676px) 100vw, 676px\" \/><figcaption class=\"blocks-gallery-item__caption\">Titouan, Yann, Pauline et Noanne, ont v\u00e9cu trois ans sur leur voilier \u00ab\u00a0Dominao\u00a0\u00bb, en Atlantique Nord<\/figcaption><\/figure><\/li><\/ul><\/figure>\n\n\n\n<p>Voil\u00e0 pour ces br\u00e8ves nouvelles. Nous vous souhaitons une tr\u00e8s belle fin d&rsquo;ann\u00e9e.<\/p>\n\n\n\n<p>\u00c0 bient\u00f4t<\/p>\n\n\n\n<p>Pauline, Yann, Noanne et Titouan<\/p>\n\n\n\n<p><\/p>\n","protected":false},"excerpt":{"rendered":"<p>Bonjour tout le monde, un petit message pour vous rappeler que l&rsquo;association \u00ab\u00a0Aux Cin\u00e9philes de l&rsquo;eau\u00a0\u00bb a sa boutique en ligne, de quoi vous donner des id\u00e9es de cadeaux ! https:\/\/www.helloasso.com\/associations\/aux-cinephiles-de-l-eau\/evenements\/vente-de-livres-dvds-tee-shirts-sur-cine-searcus Vous pouvez y retrouver le livre sur notre voyage &hellip; <a href=\"https:\/\/www.auxcinephilesdeleau.com\/?p=4198\">Continuer la lecture <span class=\"meta-nav\">&rarr;<\/span><\/a><\/p>\n","protected":false},"author":3,"featured_media":0,"comment_status":"open","ping_status":"open","sticky":false,"template":"","format":"standard","meta":{"_mi_skip_tracking":false,"_monsterinsights_sitenote_active":false,"_monsterinsights_sitenote_note":"","_monsterinsights_sitenote_category":0,"footnotes":""},"categories":[28],"tags":[],"_links":{"self":[{"href":"https:\/\/www.auxcinephilesdeleau.com\/index.php?rest_route=\/wp\/v2\/posts\/4198"}],"collection":[{"href":"https:\/\/www.auxcinephilesdeleau.com\/index.php?rest_route=\/wp\/v2\/posts"}],"about":[{"href":"https:\/\/www.auxcinephilesdeleau.com\/index.php?rest_route=\/wp\/v2\/types\/post"}],"author":[{"embeddable":true,"href":"https:\/\/www.auxcinephilesdeleau.com\/index.php?rest_route=\/wp\/v2\/users\/3"}],"replies":[{"embeddable":true,"href":"https:\/\/www.auxcinephilesdeleau.com\/index.php?rest_route=%2Fwp%2Fv2%2Fcomments&post=4198"}],"version-history":[{"count":6,"href":"https:\/\/www.auxcinephilesdeleau.com\/index.php?rest_route=\/wp\/v2\/posts\/4198\/revisions"}],"predecessor-version":[{"id":4211,"href":"https:\/\/www.auxcinephilesdeleau.com\/index.php?rest_route=\/wp\/v2\/posts\/4198\/revisions\/4211"}],"wp:attachment":[{"href":"https:\/\/www.auxcinephilesdeleau.com\/index.php?rest_route=%2Fwp%2Fv2%2Fmedia&parent=4198"}],"wp:term":[{"taxonomy":"category","embeddable":true,"href":"https:\/\/www.auxcinephilesdeleau.com\/index.php?rest_route=%2Fwp%2Fv2%2Fcategories&post=4198"},{"taxonomy":"post_tag","embeddable":true,"href":"https:\/\/www.auxcinephilesdeleau.com\/index.php?rest_route=%2Fwp%2Fv2%2Ftags&post=4198"}],"curies":[{"name":"wp","href":"https:\/\/api.w.org\/{rel}","templated":true}]}}